{"id":53826,"date":"2019-10-11T07:38:52","date_gmt":"2019-10-11T12:38:52","guid":{"rendered":"http:\/\/estado29.mx\/?p=53826"},"modified":"2019-10-11T07:39:03","modified_gmt":"2019-10-11T12:39:03","slug":"fortalecen-dif-estatal-y-relaf-programa-de-acogimiento-familiar","status":"publish","type":"post","link":"https:\/\/estado29.mx\/?p=53826","title":{"rendered":"Fortalecen DIF estatal y RELAF programa de acogimiento familiar"},"content":{"rendered":"\n<p>\u2022&nbsp;<em>Sandra Ch\u00e1vez Ruelas encabez\u00f3 el recorrido que realizaron representantes de la Red Latinoamericana de Acogimiento Familiar.<\/em><\/p>\n\n\n\n<p>La Presidenta Honor\u00edfica del Sistema Estatal para el Desarrollo Integral de la Familia (DIF), Sandra Ch\u00e1vez Ruelas, encabez\u00f3 el recorrido que realizaron representantes de la Red Latinoamericana de Acogimiento Familiar (Relaf) en las instalaciones del Centro de Asistencia Social (CAS) que opera la dependencia.<\/p>\n\n\n\n<p>Ch\u00e1vez Ruelas, destac\u00f3 que la visita de personal de la Relaf a Tlaxcala forma parte del respaldo que el organismo internacional brinda para desarrollar el Programa de Acogimiento Familiar; adem\u00e1s, permitir\u00e1 la capacitaci\u00f3n del personal y sensibilizaci\u00f3n de las familias sobre la importancia de que los infantes crezcan en un entorno familiar adecuado.<\/p>\n\n\n\n<p>La Presidenta Honor\u00edfica del DIF Estatal invit\u00f3 a las familias a participar en las pl\u00e1ticas que realiza la dependencia estatal para conocer los alcances del Programa, as\u00ed como los servicios que brinda el CAS a infantes que atiende de manera temporal.<\/p>\n\n\n\n<p>\u201cLa finalidad es encontrar familias con sentimientos de altruismo, voluntad y que se conviertan en un ejemplo para nuestros ni\u00f1os y que en el futuro sean buenos ciudadanos\u201d, subray\u00f3.<\/p>\n\n\n\n<p>En su oportunidad, Mar\u00eda S\u00e1nchez Brizuela, Coordinadora de la Relaf, resalt\u00f3 que Tlaxcala se encuentra dentro de los primeros 10 estados del pa\u00eds en implementar el Programa de Acogimiento Familiar; adem\u00e1s, reconoci\u00f3 el trabajo coordinado con los DIF municipales para socializar los objetivos de la estrategia entre la poblaci\u00f3n de toda la entidad.<\/p>\n\n\n\n<p>En tanto, Alicia SantaMaria Espinosa, representante de la Relaf en M\u00e9xico, subray\u00f3 el apoyo y disposici\u00f3n del Gobierno el Estado para implementar el Programa, a fin de garantizar el derecho de los infantes a pertenecer a una familia, por lo que Tlaxcala se convertir\u00e1 en un referente en este tema.<\/p>\n\n\n\n<p>Como parte del recorrido, ni\u00f1as, ni\u00f1os y adolescentes del Centro de Asistencia Social realizaron una presentaci\u00f3n para conmemorar el D\u00eda de la Raza y de la Organizaci\u00f3n de las Naciones Unidas (ONU), que se celebran el 12 y 24 de octubre, respectivamente.<\/p>\n","protected":false},"excerpt":{"rendered":"<p>\u2022&nbsp;Sandra Ch\u00e1vez Ruelas encabez\u00f3 el recorrido que realizaron representantes de la Red Latinoamericana de Acogimiento Familiar. La Presidenta Honor\u00edfica del Sistema Estatal para el Desarrollo Integral de la Familia (DIF), Sandra Ch\u00e1vez Ruelas, encabez\u00f3 el recorrido que realizaron representantes de la Red Latinoamericana de Acogimiento Familiar (Relaf) en las instalaciones del Centro de Asistencia Social [&hellip;]<\/p>\n","protected":false},"author":12,"featured_media":0,"comment_status":"closed","ping_status":"open","sticky":false,"template":"","format":"standard","meta":{"om_disable_all_campaigns":false,"_monsterinsights_skip_tracking":false,"_monsterinsights_sitenote_active":false,"_monsterinsights_sitenote_note":"","_monsterinsights_sitenote_category":0,"jnews-multi-image_gallery":[],"jnews_single_post":[],"jnews_primary_category":[],"footnotes":""},"categories":[],"tags":[],"class_list":["post-53826","post","type-post","status-publish","format-standard","hentry"],"aioseo_notices":[],"_links":{"self":[{"href":"https:\/\/estado29.mx\/index.php?rest_route=\/wp\/v2\/posts\/53826","targetHints":{"allow":["GET"]}}],"collection":[{"href":"https:\/\/estado29.mx\/index.php?rest_route=\/wp\/v2\/posts"}],"about":[{"href":"https:\/\/estado29.mx\/index.php?rest_route=\/wp\/v2\/types\/post"}],"author":[{"embeddable":true,"href":"https:\/\/estado29.mx\/index.php?rest_route=\/wp\/v2\/users\/12"}],"replies":[{"embeddable":true,"href":"https:\/\/estado29.mx\/index.php?rest_route=%2Fwp%2Fv2%2Fcomments&post=53826"}],"version-history":[{"count":1,"href":"https:\/\/estado29.mx\/index.php?rest_route=\/wp\/v2\/posts\/53826\/revisions"}],"predecessor-version":[{"id":53829,"href":"https:\/\/estado29.mx\/index.php?rest_route=\/wp\/v2\/posts\/53826\/revisions\/53829"}],"wp:attachment":[{"href":"https:\/\/estado29.mx\/index.php?rest_route=%2Fwp%2Fv2%2Fmedia&parent=53826"}],"wp:term":[{"taxonomy":"category","embeddable":true,"href":"https:\/\/estado29.mx\/index.php?rest_route=%2Fwp%2Fv2%2Fcategories&post=53826"},{"taxonomy":"post_tag","embeddable":true,"href":"https:\/\/estado29.mx\/index.php?rest_route=%2Fwp%2Fv2%2Ftags&post=53826"}],"curies":[{"name":"wp","href":"https:\/\/api.w.org\/{rel}","templated":true}]}}