{"id":53830,"date":"2019-10-11T12:48:07","date_gmt":"2019-10-11T17:48:07","guid":{"rendered":"http:\/\/estado29.mx\/?p=53830"},"modified":"2019-10-11T12:48:16","modified_gmt":"2019-10-11T17:48:16","slug":"tlaxcala-y-coahuila-fortalecen-sus-lazos-con-el-festival-julio-torri","status":"publish","type":"post","link":"https:\/\/estado29.mx\/?p=53830","title":{"rendered":"Tlaxcala y Coahuila fortalecen sus lazos con el festival Julio Torri"},"content":{"rendered":"\n<p><em>\u2022 El Gobernador acompa\u00f1\u00f3 a su hom\u00f3logo Miguel \u00c1ngel Riquelme en la presentaci\u00f3n del encuentro internacional, donde Tlaxcala es el estado invitado.<\/em><\/p>\n\n\n\n<p>El Gobernador Marco Mena y su hom\u00f3logo de Coahuila, Miguel \u00c1ngel Riquelme Sol\u00eds, encabezaron la presentaci\u00f3n del Festival Internacional de las Artes Julio Torri 2019, en el que Tlaxcala funge como estado invitado con el fin de fortalecer los lazos entre ambas entidades.<\/p>\n\n\n\n<p>En el sal\u00f3n Villa Ferre de Saltillo, el Gobernador Mena afirm\u00f3 que el hermanamiento hist\u00f3rico y profundo entre Tlaxcala y Coahuila -que se refleja en or\u00edgenes, costumbres y perspectivas compartidas-, surgi\u00f3 hace 500 a\u00f1os con la llegada de los espa\u00f1oles a territorio tlaxcalteca.<\/p>\n\n\n\n<p>Ante la presencia del cantante Emmanuel Acha y su esposa, Mercedes Alem\u00e1n, Marco Mena asegur\u00f3 que ambos estados presentan rasgos actuales en com\u00fan como el crecimiento econ\u00f3mico y la generaci\u00f3n de empleo formal, aspectos que ofrecen mejores oportunidades de desarrollo a sus habitantes.<\/p>\n\n\n\n<p>En nombre de la sociedad tlaxcalteca, el Gobernador Marco Mena agradeci\u00f3 al Gobierno de Coahuila la invitaci\u00f3n para que artistas de la entidad compartan con el p\u00fablico del Festival Internacional de las Artes Julio Torri 2019 la riqueza cultural y tradiciones que posee el estado.<\/p>\n\n\n\n<p>Asimismo, destac\u00f3 el simbolismo que representa que este encuentro internacional se desarrolle en el marco de dos hechos hist\u00f3ricos importantes, los 500 A\u00f1os del Encuentro de Dos Culturas y la celebraci\u00f3n del 75 aniversario de la relaci\u00f3n bilateral M\u00e9xico-Canad\u00e1, pa\u00eds invitado del Festival.<\/p>\n\n\n\n<p>En su oportunidad, Miguel \u00c1ngel Riquelme Sol\u00eds, Gobernador de Coahuila, reconoci\u00f3 la voluntad del Gobernador Marco Mena para estrechar los lazos de amistad entre ambos estados, a trav\u00e9s de las expresiones culturales y art\u00edsticas que se presentar\u00e1n en el Festival Internacional Julio Torri.<\/p>\n\n\n\n<p>Miguel \u00c1ngel Riquelme record\u00f3 que la salida de las 400 familias tlaxcaltecas en 1571 para llegar al territorio de lo que hoy es Coahuila fortaleci\u00f3 las comunidades, enriqueci\u00f3 la cultura y estrech\u00f3 las relaciones entre las entidades.<\/p>\n\n\n\n<p>Como parte del Festival Internacional de las Artes Julio Torri 2019 se presentar\u00e1n la Escuela de Danza Regional Mexicana \u201cTlaxcala\u201d, la cantante Abigail \u00c1vila Hern\u00e1ndez, los salterios de Atltzayanca, el Ensamble de Cuerdas y Salterios \u201cAyer, Hoy y Siempre\u201d, la camada \u201cTepetlapa Aut\u00e9ntica\u201d de San Juan Totolac y la compa\u00f1\u00eda de t\u00edteres \u201cMarionetas de Huamantla\u201d a cargo del director \u00d3scar Fern\u00e1ndez L\u00f3pez.<\/p>\n\n\n\n<p>Tambi\u00e9n, el maestro Armando D\u00edaz de la Mora dictar\u00e1 la conferencia \u201cMigraci\u00f3n de familias tlaxcaltecas para colonizar el norte de M\u00e9xico\/ Tlaxcaltecas colonizadores, siglos XVI y XIX\u201d, y se proyectar\u00e1 el documental \u201cLa tercera cara de la moneda\u201d de Yassir Z\u00e1rate M\u00e9ndez. Adem\u00e1s, artesanos de Huamantla compartir\u00e1n su talento en la elaboraci\u00f3n de arte ef\u00edmero con alfombras de aserr\u00edn y arena.<\/p>\n","protected":false},"excerpt":{"rendered":"<p>\u2022 El Gobernador acompa\u00f1\u00f3 a su hom\u00f3logo Miguel \u00c1ngel Riquelme en la presentaci\u00f3n del encuentro internacional, donde Tlaxcala es el estado invitado. El Gobernador Marco Mena y su hom\u00f3logo de Coahuila, Miguel \u00c1ngel Riquelme Sol\u00eds, encabezaron la presentaci\u00f3n del Festival Internacional de las Artes Julio Torri 2019, en el que Tlaxcala funge como estado invitado [&hellip;]<\/p>\n","protected":false},"author":12,"featured_media":0,"comment_status":"closed","ping_status":"open","sticky":false,"template":"","format":"standard","meta":{"om_disable_all_campaigns":false,"_monsterinsights_skip_tracking":false,"_monsterinsights_sitenote_active":false,"_monsterinsights_sitenote_note":"","_monsterinsights_sitenote_category":0,"jnews-multi-image_gallery":[],"jnews_single_post":[],"jnews_primary_category":[],"footnotes":""},"categories":[],"tags":[],"class_list":["post-53830","post","type-post","status-publish","format-standard","hentry"],"aioseo_notices":[],"_links":{"self":[{"href":"https:\/\/estado29.mx\/index.php?rest_route=\/wp\/v2\/posts\/53830","targetHints":{"allow":["GET"]}}],"collection":[{"href":"https:\/\/estado29.mx\/index.php?rest_route=\/wp\/v2\/posts"}],"about":[{"href":"https:\/\/estado29.mx\/index.php?rest_route=\/wp\/v2\/types\/post"}],"author":[{"embeddable":true,"href":"https:\/\/estado29.mx\/index.php?rest_route=\/wp\/v2\/users\/12"}],"replies":[{"embeddable":true,"href":"https:\/\/estado29.mx\/index.php?rest_route=%2Fwp%2Fv2%2Fcomments&post=53830"}],"version-history":[{"count":1,"href":"https:\/\/estado29.mx\/index.php?rest_route=\/wp\/v2\/posts\/53830\/revisions"}],"predecessor-version":[{"id":53833,"href":"https:\/\/estado29.mx\/index.php?rest_route=\/wp\/v2\/posts\/53830\/revisions\/53833"}],"wp:attachment":[{"href":"https:\/\/estado29.mx\/index.php?rest_route=%2Fwp%2Fv2%2Fmedia&parent=53830"}],"wp:term":[{"taxonomy":"category","embeddable":true,"href":"https:\/\/estado29.mx\/index.php?rest_route=%2Fwp%2Fv2%2Fcategories&post=53830"},{"taxonomy":"post_tag","embeddable":true,"href":"https:\/\/estado29.mx\/index.php?rest_route=%2Fwp%2Fv2%2Ftags&post=53830"}],"curies":[{"name":"wp","href":"https:\/\/api.w.org\/{rel}","templated":true}]}}