{"id":53847,"date":"2019-10-11T14:03:50","date_gmt":"2019-10-11T19:03:50","guid":{"rendered":"http:\/\/estado29.mx\/?p=53847"},"modified":"2019-10-11T14:03:59","modified_gmt":"2019-10-11T19:03:59","slug":"localiza-pgje-a-5-menores-que-se-ausentaron-por-problemas-entre-los-padres","status":"publish","type":"post","link":"https:\/\/estado29.mx\/?p=53847","title":{"rendered":"Localiza PGJE a 5 menores que se ausentaron por problemas entre los padres"},"content":{"rendered":"\n<p>\u00b7&nbsp;&nbsp;&nbsp;&nbsp;&nbsp;&nbsp;&nbsp;&nbsp;&nbsp;&nbsp;&nbsp;&nbsp;<em>Las indagatorias se concluyeron en virtud de que la ausencia de los&nbsp;menores no estuvo relacionada con alg\u00fan hecho delictivo.<\/em><\/p>\n\n\n\n<p>La Procuradur\u00eda General de Justicia del Estado (PGJE) a trav\u00e9s del trabajo realizado por el Grupo de B\u00fasqueda de Personas Desaparecidas permiti\u00f3 localizar en momentos diferentes&nbsp;&nbsp;a cinco menores de edad reportados como extraviados, mismos que no fueron v\u00edctimas de ning\u00fan hecho delictivo.<\/p>\n\n\n\n<p>A trav\u00e9s de las denuncias hechas a cargo de familiares de los menores en las instalaciones de la PGJE, se activaron los protocolos correspondientes para su localizaci\u00f3n.<\/p>\n\n\n\n<p>Con datos oficiales de la Polic\u00eda de Investigaci\u00f3n adscritos al Grupo de B\u00fasqueda de Personas Desaparecidas iniciaron las indagatorias para dar con el paradero de las personas.<\/p>\n\n\n\n<p>As\u00ed en todos los casos, los padres acompa\u00f1ados de cada una de los menores extraviados acudieron a la dependencia encargada de procurar justicia para aclarar que la desaparici\u00f3n de sus familiares fue por voluntad propia.<\/p>\n\n\n\n<p>En el primero de los casos, los menores de edad de iniciales M.E.V.H., C.A., y A.H.P., quienes fueron vistos por \u00faltima vez el 17 de agosto del a\u00f1o en curso en el municipio de Apizaco, la madre de \u00e9stos declar\u00f3 que sali\u00f3 con sus hijos para abandonar su domicilio por problemas personales con su c\u00f3nyuge.<\/p>\n\n\n\n<p>En segunda instancia, la menor de iniciales A.A., quien fue vista por \u00faltima vez en el municipio de Contla de Juan Cuamatzi el 6 de octubre, afirm\u00f3 que sali\u00f3 de su casa por problemas familiares.<\/p>\n\n\n\n<p>Mientras que en el caso de un reci\u00e9n nacido que fue visto por \u00faltima vez el 3 de octubre en el municipio de Apetatitl\u00e1n, el padre del menor asegur\u00f3 que se llev\u00f3 a su hijo por diferencias con su pareja sentimental.<\/p>\n\n\n\n<p>Por estos hechos, las indagatorias fueron concluidas por el Representante Social, ya que la ausencia de los menores agraviados no estuvo relacionada en un hecho violento, por lo que no existe delito que perseguir.<\/p>\n\n\n\n<p>La Procuradur\u00eda de Tlaxcala refrenda su compromiso dar seguimiento a cada una de las Carpetas de Investigaci\u00f3n a efecto de garantizar que el regreso de las personas desaparecidas a sus hogares sea en el marco de la legalidad y apegado a derecho, garantizando as\u00ed una correcta aplicaci\u00f3n de los protocolos de b\u00fasqueda de personas.<\/p>\n","protected":false},"excerpt":{"rendered":"<p>\u00b7&nbsp;&nbsp;&nbsp;&nbsp;&nbsp;&nbsp;&nbsp;&nbsp;&nbsp;&nbsp;&nbsp;&nbsp;Las indagatorias se concluyeron en virtud de que la ausencia de los&nbsp;menores no estuvo relacionada con alg\u00fan hecho delictivo. La Procuradur\u00eda General de Justicia del Estado (PGJE) a trav\u00e9s del trabajo realizado por el Grupo de B\u00fasqueda de Personas Desaparecidas permiti\u00f3 localizar en momentos diferentes&nbsp;&nbsp;a cinco menores de edad reportados como extraviados, mismos que no [&hellip;]<\/p>\n","protected":false},"author":12,"featured_media":0,"comment_status":"closed","ping_status":"open","sticky":false,"template":"","format":"standard","meta":{"om_disable_all_campaigns":false,"_monsterinsights_skip_tracking":false,"_monsterinsights_sitenote_active":false,"_monsterinsights_sitenote_note":"","_monsterinsights_sitenote_category":0,"jnews-multi-image_gallery":[],"jnews_single_post":[],"jnews_primary_category":[],"footnotes":""},"categories":[],"tags":[],"class_list":["post-53847","post","type-post","status-publish","format-standard","hentry"],"aioseo_notices":[],"_links":{"self":[{"href":"https:\/\/estado29.mx\/index.php?rest_route=\/wp\/v2\/posts\/53847","targetHints":{"allow":["GET"]}}],"collection":[{"href":"https:\/\/estado29.mx\/index.php?rest_route=\/wp\/v2\/posts"}],"about":[{"href":"https:\/\/estado29.mx\/index.php?rest_route=\/wp\/v2\/types\/post"}],"author":[{"embeddable":true,"href":"https:\/\/estado29.mx\/index.php?rest_route=\/wp\/v2\/users\/12"}],"replies":[{"embeddable":true,"href":"https:\/\/estado29.mx\/index.php?rest_route=%2Fwp%2Fv2%2Fcomments&post=53847"}],"version-history":[{"count":1,"href":"https:\/\/estado29.mx\/index.php?rest_route=\/wp\/v2\/posts\/53847\/revisions"}],"predecessor-version":[{"id":53850,"href":"https:\/\/estado29.mx\/index.php?rest_route=\/wp\/v2\/posts\/53847\/revisions\/53850"}],"wp:attachment":[{"href":"https:\/\/estado29.mx\/index.php?rest_route=%2Fwp%2Fv2%2Fmedia&parent=53847"}],"wp:term":[{"taxonomy":"category","embeddable":true,"href":"https:\/\/estado29.mx\/index.php?rest_route=%2Fwp%2Fv2%2Fcategories&post=53847"},{"taxonomy":"post_tag","embeddable":true,"href":"https:\/\/estado29.mx\/index.php?rest_route=%2Fwp%2Fv2%2Ftags&post=53847"}],"curies":[{"name":"wp","href":"https:\/\/api.w.org\/{rel}","templated":true}]}}