{"id":53853,"date":"2019-10-13T22:33:28","date_gmt":"2019-10-14T03:33:28","guid":{"rendered":"http:\/\/estado29.mx\/?p=53853"},"modified":"2019-10-13T22:33:37","modified_gmt":"2019-10-14T03:33:37","slug":"concluyen-festejos-de-la-fundacion-de-cuapiaxtla-con-exito","status":"publish","type":"post","link":"https:\/\/estado29.mx\/?p=53853","title":{"rendered":"Concluyen festejos de la fundaci\u00f3n de Cuapiaxtla con \u00e9xito."},"content":{"rendered":"\n<p>Este fin de semana se llevaron a cabo diversos eventos con motivo de la conmemoraci\u00f3n de la fundaci\u00f3n de Cuapiaxtla n\u00famero 747, donde el ayuntamiento que encabeza Arturo Hern\u00e1ndez Hern\u00e1ndez, efectuaron distintos eventos con motivo de esta importante fecha. <\/p>\n\n\n\n<p><br>El pasado mi\u00e9rcoles se desarroll\u00f3 la ceremonia c\u00edvica con la participaci\u00f3n de una instituci\u00f3n de la comuna, donde se compartido una semblanza de los hechos hist\u00f3ricos que han marcado el desarrollo y avance de Cuapiaxtla.<\/p>\n\n\n\n<p> <br>El pasado s\u00e1bado se realiz\u00f3 el 4to encuentro regional de Danza Folkl\u00f3rica, donde participaron m\u00e1s de 5 grupos de distintos lugares del estado de Tlaxcala as\u00ed como Puebla, en conmemoraci\u00f3n de tan importante fecha, as\u00ed como el aniversario del grupo \u201collinquetzalli\u201d. <\/p>\n\n\n\n<p><br> En este sentido autoridades de Cuapiaxtla, se\u00f1alaron que todos los eventos que se desarrollaron este fin de semana, terminaron con saldo blanco, agradeciendo la participaci\u00f3n de la ciudadan\u00eda para dar estos resultados. <\/p>\n","protected":false},"excerpt":{"rendered":"<p>Este fin de semana se llevaron a cabo diversos eventos con motivo de la conmemoraci\u00f3n de la fundaci\u00f3n de Cuapiaxtla n\u00famero 747, donde el ayuntamiento que encabeza Arturo Hern\u00e1ndez Hern\u00e1ndez, efectuaron distintos eventos con motivo de esta importante fecha. El pasado mi\u00e9rcoles se desarroll\u00f3 la ceremonia c\u00edvica con la participaci\u00f3n de una instituci\u00f3n de la [&hellip;]<\/p>\n","protected":false},"author":19,"featured_media":0,"comment_status":"closed","ping_status":"open","sticky":false,"template":"","format":"standard","meta":{"om_disable_all_campaigns":false,"_monsterinsights_skip_tracking":false,"_monsterinsights_sitenote_active":false,"_monsterinsights_sitenote_note":"","_monsterinsights_sitenote_category":0,"jnews-multi-image_gallery":[],"jnews_single_post":[],"jnews_primary_category":[],"footnotes":""},"categories":[],"tags":[],"class_list":["post-53853","post","type-post","status-publish","format-standard","hentry"],"aioseo_notices":[],"_links":{"self":[{"href":"https:\/\/estado29.mx\/index.php?rest_route=\/wp\/v2\/posts\/53853","targetHints":{"allow":["GET"]}}],"collection":[{"href":"https:\/\/estado29.mx\/index.php?rest_route=\/wp\/v2\/posts"}],"about":[{"href":"https:\/\/estado29.mx\/index.php?rest_route=\/wp\/v2\/types\/post"}],"author":[{"embeddable":true,"href":"https:\/\/estado29.mx\/index.php?rest_route=\/wp\/v2\/users\/19"}],"replies":[{"embeddable":true,"href":"https:\/\/estado29.mx\/index.php?rest_route=%2Fwp%2Fv2%2Fcomments&post=53853"}],"version-history":[{"count":1,"href":"https:\/\/estado29.mx\/index.php?rest_route=\/wp\/v2\/posts\/53853\/revisions"}],"predecessor-version":[{"id":53857,"href":"https:\/\/estado29.mx\/index.php?rest_route=\/wp\/v2\/posts\/53853\/revisions\/53857"}],"wp:attachment":[{"href":"https:\/\/estado29.mx\/index.php?rest_route=%2Fwp%2Fv2%2Fmedia&parent=53853"}],"wp:term":[{"taxonomy":"category","embeddable":true,"href":"https:\/\/estado29.mx\/index.php?rest_route=%2Fwp%2Fv2%2Fcategories&post=53853"},{"taxonomy":"post_tag","embeddable":true,"href":"https:\/\/estado29.mx\/index.php?rest_route=%2Fwp%2Fv2%2Ftags&post=53853"}],"curies":[{"name":"wp","href":"https:\/\/api.w.org\/{rel}","templated":true}]}}