{"id":53858,"date":"2019-10-13T22:35:28","date_gmt":"2019-10-14T03:35:28","guid":{"rendered":"http:\/\/estado29.mx\/?p=53858"},"modified":"2019-10-13T22:35:37","modified_gmt":"2019-10-14T03:35:37","slug":"exito-rotundo-el-regreso-del-fit-en-huamantla","status":"publish","type":"post","link":"https:\/\/estado29.mx\/?p=53858","title":{"rendered":"\u00c9xito rotundo el regreso del FIT en Huamantla."},"content":{"rendered":"\n<p>Despu\u00e9s de varios a\u00f1os, que e Festival internacional del T\u00edtere,\nse desempe\u00f1ar\u00e1 en la capital tlaxcalteca, este 2019, regresa nuevamente a su\nlugar de origen, en el pueblo m\u00e1gico de Huamantla, por lo que el s\u00e1bado anterior\nse llev\u00f3 a cabo la inauguraci\u00f3n de este importante evento. <\/p>\n\n\n\n<p>En acto estuvo presente el alcalde, Jorge S\u00e1nchez Jasso,\nquien reconoci\u00f3 el trabajo que se realiz\u00f3 en coordinaci\u00f3n con el Instituto\nTlaxcalteca de la Cultura a fin de que este festival se llevara a cabo en\nHuamantla, donde est\u00e1 el lugar sede por el Museo Internacional del T\u00edtere, \u00fanico\nen su tipo. <\/p>\n\n\n\n<p>Por su parte, Juan Antonio Gonz\u00e1lez Neocochea, Director del\nInstituto Tlaxcalteca de Cultura, reconoci\u00f3 el trabajo el edil de Huamantla y\nsu inter\u00e9s por que nuevamente el festival se desarrollara en el pueblo m\u00e1gico,\ne invito a todos los tlaxcaltecas a sentirse orgulloso de los t\u00edteres, ya que\nhan sido parte primordial del avance cultural en la entidad. <\/p>\n\n\n\n<p>Cabe se\u00f1alar que las funciones de t\u00edteres y otros eventos en\nHuamantla, se llevaran a cabo al aire libre y de forma gratuita a fin de que la\nciudadan\u00eda pueda disfrutar de este espect\u00e1culo de forma sencilla. <\/p>\n","protected":false},"excerpt":{"rendered":"<p>Despu\u00e9s de varios a\u00f1os, que e Festival internacional del T\u00edtere, se desempe\u00f1ar\u00e1 en la capital tlaxcalteca, este 2019, regresa nuevamente a su lugar de origen, en el pueblo m\u00e1gico de Huamantla, por lo que el s\u00e1bado anterior se llev\u00f3 a cabo la inauguraci\u00f3n de este importante evento. En acto estuvo presente el alcalde, Jorge S\u00e1nchez [&hellip;]<\/p>\n","protected":false},"author":19,"featured_media":0,"comment_status":"closed","ping_status":"open","sticky":false,"template":"","format":"standard","meta":{"om_disable_all_campaigns":false,"_monsterinsights_skip_tracking":false,"_monsterinsights_sitenote_active":false,"_monsterinsights_sitenote_note":"","_monsterinsights_sitenote_category":0,"jnews-multi-image_gallery":[],"jnews_single_post":[],"jnews_primary_category":[],"footnotes":""},"categories":[],"tags":[],"class_list":["post-53858","post","type-post","status-publish","format-standard","hentry"],"aioseo_notices":[],"_links":{"self":[{"href":"https:\/\/estado29.mx\/index.php?rest_route=\/wp\/v2\/posts\/53858","targetHints":{"allow":["GET"]}}],"collection":[{"href":"https:\/\/estado29.mx\/index.php?rest_route=\/wp\/v2\/posts"}],"about":[{"href":"https:\/\/estado29.mx\/index.php?rest_route=\/wp\/v2\/types\/post"}],"author":[{"embeddable":true,"href":"https:\/\/estado29.mx\/index.php?rest_route=\/wp\/v2\/users\/19"}],"replies":[{"embeddable":true,"href":"https:\/\/estado29.mx\/index.php?rest_route=%2Fwp%2Fv2%2Fcomments&post=53858"}],"version-history":[{"count":1,"href":"https:\/\/estado29.mx\/index.php?rest_route=\/wp\/v2\/posts\/53858\/revisions"}],"predecessor-version":[{"id":53862,"href":"https:\/\/estado29.mx\/index.php?rest_route=\/wp\/v2\/posts\/53858\/revisions\/53862"}],"wp:attachment":[{"href":"https:\/\/estado29.mx\/index.php?rest_route=%2Fwp%2Fv2%2Fmedia&parent=53858"}],"wp:term":[{"taxonomy":"category","embeddable":true,"href":"https:\/\/estado29.mx\/index.php?rest_route=%2Fwp%2Fv2%2Fcategories&post=53858"},{"taxonomy":"post_tag","embeddable":true,"href":"https:\/\/estado29.mx\/index.php?rest_route=%2Fwp%2Fv2%2Ftags&post=53858"}],"curies":[{"name":"wp","href":"https:\/\/api.w.org\/{rel}","templated":true}]}}