{"id":53863,"date":"2019-10-14T09:29:02","date_gmt":"2019-10-14T14:29:02","guid":{"rendered":"http:\/\/estado29.mx\/?p=53863"},"modified":"2019-10-14T09:29:13","modified_gmt":"2019-10-14T14:29:13","slug":"participa-sepe-en-reunion-nacional-de-autoridades-educativas","status":"publish","type":"post","link":"https:\/\/estado29.mx\/?p=53863","title":{"rendered":"Participa SEPE en reuni\u00f3n nacional de autoridades educativas"},"content":{"rendered":"\n<p>\u00b7&nbsp;&nbsp;&nbsp;&nbsp;&nbsp;&nbsp;<em>Acuerdan trabajar en favor de la Nueva Escuela Mexicana<\/em><\/p>\n\n\n\n<p>El Secretario de Educaci\u00f3n, Florentino Dom\u00ednguez Ord\u00f3\u00f1ez, particip\u00f3 en la XLVI Reuni\u00f3n Nacional Plenaria Ordinaria del Consejo Nacional de Autoridades Educativas que encabez\u00f3 el Secretario de Educaci\u00f3n P\u00fablica Federal, Esteban Moctezuma Barrag\u00e1n.<\/p>\n\n\n\n<p>Como parte de este acto, Dom\u00ednguez Ord\u00f3\u00f1ez se sum\u00f3 a los acuerdos que se establecieron en torno a la Nueva Escuela Mexicana que busca garantizar una educaci\u00f3n, p\u00fablica e incluyente, con equidad y excelencia.<\/p>\n\n\n\n<p>En esta reuni\u00f3n participaron los 32 Secretarios de Educaci\u00f3n del pa\u00eds, con el objetivo de fortalecer estrategias en sus diferentes entidades que contribuyan a mejorar la calidad de la educaci\u00f3n que se imparte a los ni\u00f1os y j\u00f3venes de todo el pa\u00eds.&nbsp;<\/p>\n\n\n\n<p>En este espacio, Moctezuma Barrag\u00e1n habl\u00f3 de la aprobaci\u00f3n de las Leyes Secundarias que los ayudar\u00e1n a la gobernanza de la educaci\u00f3n, en el marco del reciente acuerdo educativo nacional, La Nueva Escuela Mexicana.<\/p>\n\n\n\n<p>En este contexto, pidi\u00f3 a los representantes de las diferentes entidades educativas, difundir las modificaciones de las leyes secundarias de la Reforma Educativa como son: Ley General de Educaci\u00f3n, Ley Reglamentaria sobre Mejora Continua de la Educaci\u00f3n y Ley General del Sistema de Carrera de Maestras y Maestros.<\/p>\n\n\n\n<p>\u201cSe logr\u00f3 construir una caja transparente, con un mejor sistema de control de plazas, de vacantes y evaluaciones. Afortunadamente todo eso lo haremos a trav\u00e9s de sesiones que en su fase final, ser\u00e1n p\u00fablicas, para que los propios aspirantes conozcan c\u00f3mo se manejar\u00e1 el proceso\u201d.<\/p>\n\n\n\n<p>Al finalizar la reuni\u00f3n, Florentino Dom\u00ednguez Ord\u00f3\u00f1ez, convers\u00f3 con el Secretario Esteban Moctezuma, a quien reiter\u00f3 la disposici\u00f3n del Gobernador Marco Mena&nbsp;&nbsp;para de continuar con acciones que permitan fortalecer la calidad de la educaci\u00f3n que se brinda a las ni\u00f1as, ni\u00f1os y j\u00f3venes de Tlaxcala.<\/p>\n","protected":false},"excerpt":{"rendered":"<p>\u00b7&nbsp;&nbsp;&nbsp;&nbsp;&nbsp;&nbsp;Acuerdan trabajar en favor de la Nueva Escuela Mexicana El Secretario de Educaci\u00f3n, Florentino Dom\u00ednguez Ord\u00f3\u00f1ez, particip\u00f3 en la XLVI Reuni\u00f3n Nacional Plenaria Ordinaria del Consejo Nacional de Autoridades Educativas que encabez\u00f3 el Secretario de Educaci\u00f3n P\u00fablica Federal, Esteban Moctezuma Barrag\u00e1n. Como parte de este acto, Dom\u00ednguez Ord\u00f3\u00f1ez se sum\u00f3 a los acuerdos que se [&hellip;]<\/p>\n","protected":false},"author":12,"featured_media":0,"comment_status":"closed","ping_status":"open","sticky":false,"template":"","format":"standard","meta":{"om_disable_all_campaigns":false,"_monsterinsights_skip_tracking":false,"_monsterinsights_sitenote_active":false,"_monsterinsights_sitenote_note":"","_monsterinsights_sitenote_category":0,"jnews-multi-image_gallery":[],"jnews_single_post":[],"jnews_primary_category":[],"footnotes":""},"categories":[],"tags":[],"class_list":["post-53863","post","type-post","status-publish","format-standard","hentry"],"aioseo_notices":[],"_links":{"self":[{"href":"https:\/\/estado29.mx\/index.php?rest_route=\/wp\/v2\/posts\/53863","targetHints":{"allow":["GET"]}}],"collection":[{"href":"https:\/\/estado29.mx\/index.php?rest_route=\/wp\/v2\/posts"}],"about":[{"href":"https:\/\/estado29.mx\/index.php?rest_route=\/wp\/v2\/types\/post"}],"author":[{"embeddable":true,"href":"https:\/\/estado29.mx\/index.php?rest_route=\/wp\/v2\/users\/12"}],"replies":[{"embeddable":true,"href":"https:\/\/estado29.mx\/index.php?rest_route=%2Fwp%2Fv2%2Fcomments&post=53863"}],"version-history":[{"count":1,"href":"https:\/\/estado29.mx\/index.php?rest_route=\/wp\/v2\/posts\/53863\/revisions"}],"predecessor-version":[{"id":53866,"href":"https:\/\/estado29.mx\/index.php?rest_route=\/wp\/v2\/posts\/53863\/revisions\/53866"}],"wp:attachment":[{"href":"https:\/\/estado29.mx\/index.php?rest_route=%2Fwp%2Fv2%2Fmedia&parent=53863"}],"wp:term":[{"taxonomy":"category","embeddable":true,"href":"https:\/\/estado29.mx\/index.php?rest_route=%2Fwp%2Fv2%2Fcategories&post=53863"},{"taxonomy":"post_tag","embeddable":true,"href":"https:\/\/estado29.mx\/index.php?rest_route=%2Fwp%2Fv2%2Ftags&post=53863"}],"curies":[{"name":"wp","href":"https:\/\/api.w.org\/{rel}","templated":true}]}}