{"id":53867,"date":"2019-10-14T09:30:20","date_gmt":"2019-10-14T14:30:20","guid":{"rendered":"http:\/\/estado29.mx\/?p=53867"},"modified":"2019-10-14T09:30:30","modified_gmt":"2019-10-14T14:30:30","slug":"marco-mena-asiste-a-fiesta-nacional-de-espana-en-cdmx","status":"publish","type":"post","link":"https:\/\/estado29.mx\/?p=53867","title":{"rendered":"Marco Mena asiste a fiesta nacional de Espa\u00f1a en CDMX"},"content":{"rendered":"\n<p>El Gobernador Marco Mena asisti\u00f3 como invitado especial a la Fiesta Nacional de Espa\u00f1a, que encabez\u00f3 el Embajador del pa\u00eds europeo en M\u00e9xico, Juan L\u00f3pez-D\u00f3riga P\u00e9rez, para conmemorar esta fecha que se celebra el 12 de octubre.<\/p>\n\n\n\n<p>En la Ciudad de M\u00e9xico, el Gobernador Mena escuch\u00f3 el discurso del Embajador de Espa\u00f1a, Juan L\u00f3pez-D\u00f3riga, quien estuvo acompa\u00f1ado por su esposa Rosa Gonz\u00e1lez Asenjo, donde destac\u00f3 la buena relaci\u00f3n que mantiene su pa\u00eds con el pueblo mexicano.<\/p>\n\n\n\n<p>Durante el evento, el Gobernador Marco Mena convers\u00f3 con Mario Carbajal Ram\u00edrez, Comandante del Cuartel General del Alto Mando de la Armada de M\u00e9xico.<\/p>\n\n\n\n<p>A la celebraci\u00f3n asistieron Martha Delgado Peralta, Subsecretaria para Asuntos Multilaterales y Derechos Humanos de la Secretar\u00eda de Relaciones Exteriores; Yasm\u00edn Esquivel Mossa, Ministra de la Suprema Corte de Justicia de la Naci\u00f3n; as\u00ed como Dagoberto Espinosa Rodr\u00edguez y Eduardo Redondo Ar\u00e1mburo, subsecretarios de la Defensa Nacional y de la Marina, respectivamente.<\/p>\n","protected":false},"excerpt":{"rendered":"<p>El Gobernador Marco Mena asisti\u00f3 como invitado especial a la Fiesta Nacional de Espa\u00f1a, que encabez\u00f3 el Embajador del pa\u00eds europeo en M\u00e9xico, Juan L\u00f3pez-D\u00f3riga P\u00e9rez, para conmemorar esta fecha que se celebra el 12 de octubre. En la Ciudad de M\u00e9xico, el Gobernador Mena escuch\u00f3 el discurso del Embajador de Espa\u00f1a, Juan L\u00f3pez-D\u00f3riga, quien [&hellip;]<\/p>\n","protected":false},"author":12,"featured_media":0,"comment_status":"closed","ping_status":"open","sticky":false,"template":"","format":"standard","meta":{"om_disable_all_campaigns":false,"_monsterinsights_skip_tracking":false,"_monsterinsights_sitenote_active":false,"_monsterinsights_sitenote_note":"","_monsterinsights_sitenote_category":0,"jnews-multi-image_gallery":[],"jnews_single_post":[],"jnews_primary_category":[],"footnotes":""},"categories":[],"tags":[],"class_list":["post-53867","post","type-post","status-publish","format-standard","hentry"],"aioseo_notices":[],"_links":{"self":[{"href":"https:\/\/estado29.mx\/index.php?rest_route=\/wp\/v2\/posts\/53867","targetHints":{"allow":["GET"]}}],"collection":[{"href":"https:\/\/estado29.mx\/index.php?rest_route=\/wp\/v2\/posts"}],"about":[{"href":"https:\/\/estado29.mx\/index.php?rest_route=\/wp\/v2\/types\/post"}],"author":[{"embeddable":true,"href":"https:\/\/estado29.mx\/index.php?rest_route=\/wp\/v2\/users\/12"}],"replies":[{"embeddable":true,"href":"https:\/\/estado29.mx\/index.php?rest_route=%2Fwp%2Fv2%2Fcomments&post=53867"}],"version-history":[{"count":1,"href":"https:\/\/estado29.mx\/index.php?rest_route=\/wp\/v2\/posts\/53867\/revisions"}],"predecessor-version":[{"id":53870,"href":"https:\/\/estado29.mx\/index.php?rest_route=\/wp\/v2\/posts\/53867\/revisions\/53870"}],"wp:attachment":[{"href":"https:\/\/estado29.mx\/index.php?rest_route=%2Fwp%2Fv2%2Fmedia&parent=53867"}],"wp:term":[{"taxonomy":"category","embeddable":true,"href":"https:\/\/estado29.mx\/index.php?rest_route=%2Fwp%2Fv2%2Fcategories&post=53867"},{"taxonomy":"post_tag","embeddable":true,"href":"https:\/\/estado29.mx\/index.php?rest_route=%2Fwp%2Fv2%2Ftags&post=53867"}],"curies":[{"name":"wp","href":"https:\/\/api.w.org\/{rel}","templated":true}]}}