{"id":53871,"date":"2019-10-14T09:44:47","date_gmt":"2019-10-14T14:44:47","guid":{"rendered":"http:\/\/estado29.mx\/?p=53871"},"modified":"2019-10-14T09:52:03","modified_gmt":"2019-10-14T14:52:03","slug":"proceso-de-revocacion-de-mandato-contra-el-alcalde-de-zitlaltepec-continua-firme-congreso-del-esyado","status":"publish","type":"post","link":"https:\/\/estado29.mx\/?p=53871","title":{"rendered":"Proceso de revocaci\u00f3n de mandato contra el alcalde de Zitlaltepec contin\u00faa firme: Congreso del Estado."},"content":{"rendered":"\n<p>El juez segundo de Distrito en el Estado de Tlaxcala, sobresey\u00f3 el juicio de amparo promovido por el presidente municipal de Ziltlaltepec, Alejandro Ju\u00e1rez Mujica, respecto a los actos reclamados al Congreso del Estado en relaci\u00f3n al proceso de revocaci\u00f3n de mandato.<\/p>\n\n\n\n<p>El juez Carlos Alberto Gonz\u00e1lez Garc\u00eda, consider\u00f3 que han cesado los efectos del acto que orill\u00f3 al alcalde de Ziltlatepec a promover el juicio de amparo; sin embargo, el Congreso del Estado justific\u00f3 que dentro del expediente LXIII 135\/2019, el pasado 6 de septiembre fue llamado el alcalde, para atender el proceso de revocaci\u00f3n de mandato iniciado en su contra.<\/p>\n\n\n\n<p>Adem\u00e1s, en la resoluci\u00f3n que decreta el sobreseimiento se refiere que el pasado 10 de septiembre, el alcalde fue debidamente notificado de la radicaci\u00f3n del citado procedimiento de suspensi\u00f3n y revocaci\u00f3n de mandato.<\/p>\n\n\n\n<p>En ese sentido, el Congreso del Estado contin\u00faa el procedimiento iniciado el pasado mes septiembre, en contra el alcalde de Ziltlaltepec, en el que resolver\u00e1 en definitiva lo que conforme a derecho corresponda.<br><\/p>\n","protected":false},"excerpt":{"rendered":"<p>El juez segundo de Distrito en el Estado de Tlaxcala, sobresey\u00f3 el juicio de amparo promovido por el presidente municipal de Ziltlaltepec, Alejandro Ju\u00e1rez Mujica, respecto a los actos reclamados al Congreso del Estado en relaci\u00f3n al proceso de revocaci\u00f3n de mandato. El juez Carlos Alberto Gonz\u00e1lez Garc\u00eda, consider\u00f3 que han cesado los efectos del [&hellip;]<\/p>\n","protected":false},"author":12,"featured_media":0,"comment_status":"closed","ping_status":"open","sticky":false,"template":"","format":"standard","meta":{"om_disable_all_campaigns":false,"_monsterinsights_skip_tracking":false,"_monsterinsights_sitenote_active":false,"_monsterinsights_sitenote_note":"","_monsterinsights_sitenote_category":0,"jnews-multi-image_gallery":[],"jnews_single_post":[],"jnews_primary_category":[],"footnotes":""},"categories":[],"tags":[],"class_list":["post-53871","post","type-post","status-publish","format-standard","hentry"],"aioseo_notices":[],"_links":{"self":[{"href":"https:\/\/estado29.mx\/index.php?rest_route=\/wp\/v2\/posts\/53871","targetHints":{"allow":["GET"]}}],"collection":[{"href":"https:\/\/estado29.mx\/index.php?rest_route=\/wp\/v2\/posts"}],"about":[{"href":"https:\/\/estado29.mx\/index.php?rest_route=\/wp\/v2\/types\/post"}],"author":[{"embeddable":true,"href":"https:\/\/estado29.mx\/index.php?rest_route=\/wp\/v2\/users\/12"}],"replies":[{"embeddable":true,"href":"https:\/\/estado29.mx\/index.php?rest_route=%2Fwp%2Fv2%2Fcomments&post=53871"}],"version-history":[{"count":2,"href":"https:\/\/estado29.mx\/index.php?rest_route=\/wp\/v2\/posts\/53871\/revisions"}],"predecessor-version":[{"id":53878,"href":"https:\/\/estado29.mx\/index.php?rest_route=\/wp\/v2\/posts\/53871\/revisions\/53878"}],"wp:attachment":[{"href":"https:\/\/estado29.mx\/index.php?rest_route=%2Fwp%2Fv2%2Fmedia&parent=53871"}],"wp:term":[{"taxonomy":"category","embeddable":true,"href":"https:\/\/estado29.mx\/index.php?rest_route=%2Fwp%2Fv2%2Fcategories&post=53871"},{"taxonomy":"post_tag","embeddable":true,"href":"https:\/\/estado29.mx\/index.php?rest_route=%2Fwp%2Fv2%2Ftags&post=53871"}],"curies":[{"name":"wp","href":"https:\/\/api.w.org\/{rel}","templated":true}]}}