{"id":53879,"date":"2019-10-14T09:54:24","date_gmt":"2019-10-14T14:54:24","guid":{"rendered":"http:\/\/estado29.mx\/?p=53879"},"modified":"2019-10-14T09:54:31","modified_gmt":"2019-10-14T14:54:31","slug":"la-vida-de-nuestros-pueblos-originarios","status":"publish","type":"post","link":"https:\/\/estado29.mx\/?p=53879","title":{"rendered":"La vida de nuestros pueblos originarios"},"content":{"rendered":"\n<p>En estos d\u00edas conmemoramos dos\nfechas que han marcado la historia de nuestro pa\u00eds, el primero de ellos dio un\nvuelco total e impact\u00f3 radicalmente la vida de nuestros pueblos originarios, me\nrefiero a la llegada de los espa\u00f1oles a lo que me parece fue una colonizaci\u00f3n\nviolenta, las y los ind\u00edgenas fueron despojados de sus creencias culturales, sociales,\nreligiosas que no obstante la gran resistencia, continuamos replicando hasta\nnuestros d\u00edas.<\/p>\n\n\n\n<p>&nbsp;&nbsp;&nbsp;&nbsp;&nbsp;&nbsp;&nbsp;&nbsp;&nbsp;&nbsp;&nbsp;&nbsp;&nbsp;&nbsp;&nbsp; Los\ndioses fueron impuestos, con ello, las oraciones, creencias y cultos. En mi\nrecorrido del trabajo de campo en la elaboraci\u00f3n de la tesis de licenciatura,\nrecuerdo un testimonio de un pe\u00f3n que trabaj\u00f3 en un ingenio azucarero y me\ncomparti\u00f3 como iniciaba un d\u00eda de trabajo para ellos: \u201cNos levantaban al\namanecer y camin\u00e1bamos hacia los campos, nos obligaban a cantar \u201cEl alabado\u201d,\nquien no cantara _ya bien porque no se lo hab\u00eda aprendido o porque se\nresistiera_ era golpeado por el capataz con un fuete\u201d, as\u00ed \u201caprendieron\u201d estos\ncantos cat\u00f3licos; tambi\u00e9n sobre los centros ceremoniales de los pueblos\noriginarios fueron construidos templos cat\u00f3licos y as\u00ed fue la evangelizaci\u00f3n\nforzada.<\/p>\n\n\n\n<p>&nbsp;&nbsp;&nbsp;&nbsp;&nbsp;&nbsp;&nbsp;&nbsp;&nbsp;&nbsp;&nbsp;&nbsp;&nbsp;&nbsp;&nbsp; Asimismo,\na los ind\u00edgenas les fueron expropiados sus conocimientos sobre el uso de la\nmedicina herbolaria, les infundieron miedo y verg\u00fcenza sobre algunos rasgos con\nlos que viv\u00edan y de ah\u00ed que se reconozca este hecho como un genocidio porque\ntrataron de exterminar sus propias formas de organizaci\u00f3n, de creencias, sus\nlenguas, dado que pretendieron imponer la cultura espa\u00f1ola. Gran parte de\nnuestras culturas originarias se perdieron, pero a fuerza de la resistencia a\u00fan\nsobreviven algunas de ellas y de manera reciente se han implementado pol\u00edticas\np\u00fablicas e instituciones encargadas de recuperar las culturas y lenguas ind\u00edgenas,\ntal es el caso del Instituto Nacional de lenguas ind\u00edgenas creado en marzo de\n2003 y m\u00e1s recientemente, el Instituto Nacional de Pueblos Ind\u00edgenas creado en\ndiciembre de 2018. <\/p>\n\n\n\n<p>&nbsp;&nbsp;&nbsp;&nbsp;&nbsp;&nbsp;&nbsp;&nbsp;&nbsp;&nbsp;&nbsp;&nbsp;&nbsp;&nbsp;&nbsp; El\n12 de octubre se conmemora lo que se ha denominado \u201cel d\u00eda de la raza\u201d, pero\ncada vez se escuchan m\u00e1s las voces disonantes que llaman a reflexionar en torno\na esta fecha y lo que realmente representa para los pueblos y comunidades\nmesoamericanas, intento de exterminio, despojo, colonizaci\u00f3n de sus ideas por\nlas de los propios pueblos ind\u00edgenas. De tal forma que es necesario que\nescuchemos esas voces y que nos replantemos lo que habr\u00eda que recordar; la\nfecha tambi\u00e9n es propicia para revisar lo valioso de nuestras culturas y su\ngrandeza. <\/p>\n\n\n\n<p>&nbsp;&nbsp;&nbsp;&nbsp;&nbsp;&nbsp;&nbsp;&nbsp;&nbsp;&nbsp;&nbsp;&nbsp;&nbsp;&nbsp;&nbsp; Por\notra parte, el 17 de octubre se recuerda que en 1953 despu\u00e9s de muchos a\u00f1os de\nlucha por el reconocimiento de los derechos de las mujeres, _iniciada en el\ncontexto de la revoluci\u00f3n francesa y puntualmente en 1791 cuando Olympia de\nGouges escribi\u00f3 la carta de los derechos de las mujeres y las ciudadanas que le\nvali\u00f3 ser guillotinada_, tuvo sus primeros frutos en M\u00e9xico cuando finalmente\nse reconoci\u00f3 el derecho de las mujeres a votar y a ser postuladas como\ncandidatas a un cargo de elecci\u00f3n popular. Espec\u00edficamente, el 17 de octubre de\n1953 el presidente Adolfo Ruiz Cortines, promulg\u00f3 las reformas a los art\u00edculos\n34 y 115 que dieron paso a que las mujeres pudieran votar y ser votadas en el\n\u00e1mbito federal.<\/p>\n\n\n\n<p>&nbsp;&nbsp;&nbsp;&nbsp;&nbsp;&nbsp;&nbsp;&nbsp;&nbsp;&nbsp;&nbsp;&nbsp;&nbsp;&nbsp;&nbsp; Es\nimportante reconocer los grandes aportes que realizara Elvia Carrillo Puerto,\nla primera mujer en ser diputada en Yucat\u00e1n en 1923 _siendo gobernador su\nhermano Felipe Carrillo Puerto_, junto con Beatriz Peniche y Raquel Dzib C\u00edcero\npor el Partido Socialista del Sureste, cargo al que se vio forzada a renunciar\njunto con sus compa\u00f1eras diputadas al tiempo que se anulaban las alecciones y\nel derecho de las mujeres a votar. En 1947 durante la presidencia de Miguel\nAlem\u00e1n Vald\u00e9s, se dio un paso adelante y se aprob\u00f3 el derecho de voto de la\nmujer en las elecciones municipales en M\u00e9xico.<\/p>\n\n\n\n<p>&nbsp;&nbsp;&nbsp;&nbsp;&nbsp;&nbsp;&nbsp;&nbsp;&nbsp;&nbsp;&nbsp;&nbsp;&nbsp;&nbsp;&nbsp; A\npartir del a\u00f1o 1953 y hasta este a\u00f1o, se han generando reformas en materia\nelectoral para hacer efectivo el derecho de las mujeres a votar y ser votadas\nen igualdad de condiciones, no es sino el a\u00f1o 2014 cuando se eleva a rango\nconstitucional la paridad de g\u00e9nero en la postulaci\u00f3n de candidaturas pero\ntambi\u00e9n en la integraci\u00f3n de los congresos federal y locales. En junio de este\na\u00f1o 2019, se public\u00f3 el decreto que obliga la integraci\u00f3n paritaria tanto en\n\u00f3rganos de representaci\u00f3n popular como en todos los cargos p\u00fablicos de los tres\npoderes: ejecutivo, legislativo y judicial as\u00ed como en todos los niveles de\ngobierno.<\/p>\n\n\n\n<p>&nbsp;&nbsp;&nbsp;&nbsp;&nbsp;&nbsp;&nbsp;&nbsp;&nbsp;&nbsp;&nbsp;&nbsp;&nbsp;&nbsp;&nbsp; En\nel estado de Tlaxcala desde el proceso electoral local ordinario 2015-2016 el\nInstituto Tlaxcalteca de Elecciones emiti\u00f3 los criterios para que los partidos\npol\u00edticos y candidaturas independientes cumplieran con este principio\nconstitucional de la paridad de g\u00e9nero hasta en las presidencias de comunidad;\nen 2018 a golpe de sentencia, la primera f\u00f3rmula de candidaturas por el\nprincipio de representaci\u00f3n proporcional debi\u00f3 ser integrada por mujeres lo que\ndio como resultado que por primera vez en la historia del estado de Tlaxcala,\nla legislatura fuera conformada mayoritariamente por mujeres, 15 mujeres y 10\nhombres.<\/p>\n\n\n\n<p>&nbsp;&nbsp;&nbsp;&nbsp;&nbsp;&nbsp;&nbsp;&nbsp;&nbsp;&nbsp;&nbsp;&nbsp;&nbsp;&nbsp;&nbsp; En\nunos d\u00edas, el senado de la rep\u00fablica deber\u00e1 designar a magistradas y\nmagistrados para ocupar los 21 espacios que existen vacantes en los tribunales\nelectorales locales, de las 117 que actualmente son, ya que s\u00f3lo 38 son\nocupadas por mujeres. Estamos tambi\u00e9n a unos d\u00edas habr\u00e1 de ser enviada la terna\npara quien ocupe el espacio al que renunci\u00f3 el ministro Medina Mora y\natendiendo al decreto denominado \u201cparidad en todo\u201d, emitido el pasado 6 de\njunio, en el cual, en su art\u00edculo 94&nbsp;\nestablece que tanto los \u00f3rganos jurisdiccionales como la Suprema Corte\nde Justicia de la Naci\u00f3n, debe ser paritaria y contar con los perfiles\nadecuados, debemos estar muy atentas y atentos de los pr\u00f3ximos nombramientos.\nConcluyo con una cita de Donandr citado por&nbsp;\nScott, 2012, p. 99-100: \u201cNo es una cuesti\u00f3n de que las mujeres\nrepresenten a las mujeres sino de dar&nbsp; a\nlas mujeres tantas posibilidades de influir en el destino com\u00fan como a los\nhombres, de permitir que las mujeres piensen en el futuro global de la sociedad\ny no s\u00f3lo en el problema de los cuidados diarios; de lograr que la sociedad se\nreconozca en ellas como lo hace con sus contrapartes masculinas\u201d.<\/p>\n","protected":false},"excerpt":{"rendered":"<p>En estos d\u00edas conmemoramos dos fechas que han marcado la historia de nuestro pa\u00eds, el primero de ellos dio un vuelco total e impact\u00f3 radicalmente la vida de nuestros pueblos originarios, me refiero a la llegada de los espa\u00f1oles a lo que me parece fue una colonizaci\u00f3n violenta, las y los ind\u00edgenas fueron despojados de [&hellip;]<\/p>\n","protected":false},"author":12,"featured_media":0,"comment_status":"closed","ping_status":"open","sticky":false,"template":"","format":"standard","meta":{"om_disable_all_campaigns":false,"_monsterinsights_skip_tracking":false,"_monsterinsights_sitenote_active":false,"_monsterinsights_sitenote_note":"","_monsterinsights_sitenote_category":0,"jnews-multi-image_gallery":[],"jnews_single_post":[],"jnews_primary_category":[],"footnotes":""},"categories":[],"tags":[],"class_list":["post-53879","post","type-post","status-publish","format-standard","hentry"],"aioseo_notices":[],"_links":{"self":[{"href":"https:\/\/estado29.mx\/index.php?rest_route=\/wp\/v2\/posts\/53879","targetHints":{"allow":["GET"]}}],"collection":[{"href":"https:\/\/estado29.mx\/index.php?rest_route=\/wp\/v2\/posts"}],"about":[{"href":"https:\/\/estado29.mx\/index.php?rest_route=\/wp\/v2\/types\/post"}],"author":[{"embeddable":true,"href":"https:\/\/estado29.mx\/index.php?rest_route=\/wp\/v2\/users\/12"}],"replies":[{"embeddable":true,"href":"https:\/\/estado29.mx\/index.php?rest_route=%2Fwp%2Fv2%2Fcomments&post=53879"}],"version-history":[{"count":1,"href":"https:\/\/estado29.mx\/index.php?rest_route=\/wp\/v2\/posts\/53879\/revisions"}],"predecessor-version":[{"id":53881,"href":"https:\/\/estado29.mx\/index.php?rest_route=\/wp\/v2\/posts\/53879\/revisions\/53881"}],"wp:attachment":[{"href":"https:\/\/estado29.mx\/index.php?rest_route=%2Fwp%2Fv2%2Fmedia&parent=53879"}],"wp:term":[{"taxonomy":"category","embeddable":true,"href":"https:\/\/estado29.mx\/index.php?rest_route=%2Fwp%2Fv2%2Fcategories&post=53879"},{"taxonomy":"post_tag","embeddable":true,"href":"https:\/\/estado29.mx\/index.php?rest_route=%2Fwp%2Fv2%2Ftags&post=53879"}],"curies":[{"name":"wp","href":"https:\/\/api.w.org\/{rel}","templated":true}]}}