{"id":53892,"date":"2019-10-14T15:14:32","date_gmt":"2019-10-14T20:14:32","guid":{"rendered":"http:\/\/estado29.mx\/?p=53892"},"modified":"2019-10-14T15:14:49","modified_gmt":"2019-10-14T20:14:49","slug":"piden-la-revocacion-de-mandato-del-primer-regidor-del-municipio-de-xaltocan","status":"publish","type":"post","link":"https:\/\/estado29.mx\/?p=53892","title":{"rendered":"Piden la revocaci\u00f3n de mandato del primer regidor del municipio de Xaltocan"},"content":{"rendered":"\n<p>El presidente municipal y la s\u00edndica de Xaltocan, Anacleto S\u00e1nchez Amador y Teodosia Quiroz Rojas, pidieron a los integrantes de la 63 Legislatura local la suspensi\u00f3n y revocaci\u00f3n de mandato del primer regidor en funciones,\u00a0 Ignacio V\u00e1zquez Franquiz.<\/p>\n\n\n\n<p>Y a pesar de que el Tribunal Electoral de Tlaxcala (TET), hab\u00eda emitido un fallo con respecto a la restituci\u00f3n en el cargo del primer regidor y la restituci\u00f3n de su salario, tanto el alcalde como la representante legal del Ayuntamiento, enviaron una nueva denuncia de hechos el 7 de octubre de 2019 para que la Comisi\u00f3n de Puntos Constitucionales, Gobernaci\u00f3n y Justicia y Asuntos Pol\u00edticos retomen el caso.<\/p>\n\n\n\n<p>En ese documento, solicitan la suspensi\u00f3n y&nbsp; revocaci\u00f3n de mandato del primer regidor con base a lo que establece la Ley Municipal del Estado de Tlaxcala.<\/p>\n\n\n\n<p>En ese escrito, mencionaron que sobre el primer regidor hay denuncias&nbsp; entre ellas por su supuesta participaci\u00f3n en el asalto a un cuentahabiente en Apizaco en 2018, con lo que seg\u00fan las autoridades afecta al Ayuntamiento y ya no es apto para ejercer el cargo.<br><\/p>\n\n\n\n<p>Adem\u00e1s, porque asumi\u00f3 como presidente municipal interino cuando el alcalde se ausent\u00f3 por unos d\u00edas y adem\u00e1s solicit\u00f3 el reconocimiento como autoridad por los diputados locales.<\/p>\n\n\n\n<p>Tambi\u00e9n porque no ejerce su cargo, toda vez que como regidor de la Comisi\u00f3n de Hacienda no ha trabajando en la elaboraci\u00f3n de la Ley de Ingresos ni el presupuesto de egresos.<br><\/p>\n","protected":false},"excerpt":{"rendered":"<p>El presidente municipal y la s\u00edndica de Xaltocan, Anacleto S\u00e1nchez Amador y Teodosia Quiroz Rojas, pidieron a los integrantes de la 63 Legislatura local la suspensi\u00f3n y revocaci\u00f3n de mandato del primer regidor en funciones,\u00a0 Ignacio V\u00e1zquez Franquiz. Y a pesar de que el Tribunal Electoral de Tlaxcala (TET), hab\u00eda emitido un fallo con respecto [&hellip;]<\/p>\n","protected":false},"author":31,"featured_media":0,"comment_status":"closed","ping_status":"open","sticky":false,"template":"","format":"standard","meta":{"om_disable_all_campaigns":false,"_monsterinsights_skip_tracking":false,"_monsterinsights_sitenote_active":false,"_monsterinsights_sitenote_note":"","_monsterinsights_sitenote_category":0,"jnews-multi-image_gallery":[],"jnews_single_post":[],"jnews_primary_category":[],"footnotes":""},"categories":[],"tags":[],"class_list":["post-53892","post","type-post","status-publish","format-standard","hentry"],"aioseo_notices":[],"_links":{"self":[{"href":"https:\/\/estado29.mx\/index.php?rest_route=\/wp\/v2\/posts\/53892","targetHints":{"allow":["GET"]}}],"collection":[{"href":"https:\/\/estado29.mx\/index.php?rest_route=\/wp\/v2\/posts"}],"about":[{"href":"https:\/\/estado29.mx\/index.php?rest_route=\/wp\/v2\/types\/post"}],"author":[{"embeddable":true,"href":"https:\/\/estado29.mx\/index.php?rest_route=\/wp\/v2\/users\/31"}],"replies":[{"embeddable":true,"href":"https:\/\/estado29.mx\/index.php?rest_route=%2Fwp%2Fv2%2Fcomments&post=53892"}],"version-history":[{"count":1,"href":"https:\/\/estado29.mx\/index.php?rest_route=\/wp\/v2\/posts\/53892\/revisions"}],"predecessor-version":[{"id":53895,"href":"https:\/\/estado29.mx\/index.php?rest_route=\/wp\/v2\/posts\/53892\/revisions\/53895"}],"wp:attachment":[{"href":"https:\/\/estado29.mx\/index.php?rest_route=%2Fwp%2Fv2%2Fmedia&parent=53892"}],"wp:term":[{"taxonomy":"category","embeddable":true,"href":"https:\/\/estado29.mx\/index.php?rest_route=%2Fwp%2Fv2%2Fcategories&post=53892"},{"taxonomy":"post_tag","embeddable":true,"href":"https:\/\/estado29.mx\/index.php?rest_route=%2Fwp%2Fv2%2Ftags&post=53892"}],"curies":[{"name":"wp","href":"https:\/\/api.w.org\/{rel}","templated":true}]}}