{"id":53896,"date":"2019-10-14T15:32:28","date_gmt":"2019-10-14T20:32:28","guid":{"rendered":"http:\/\/estado29.mx\/?p=53896"},"modified":"2019-10-14T15:32:39","modified_gmt":"2019-10-14T20:32:39","slug":"marco-mena-entrega-credenciales-de-descuento-de-transporte-a-estudiantes-del-ita","status":"publish","type":"post","link":"https:\/\/estado29.mx\/?p=53896","title":{"rendered":"Marco Mena entrega credenciales  de descuento de transporte a estudiantes del ITA"},"content":{"rendered":"\n<p><em>\u2022 El Gobernador destac\u00f3 que la educaci\u00f3n tecnol\u00f3gica registra mayor crecimiento de recurso humano y brinda mejores oportunidades de desarrollo a los j\u00f3venes.<\/em><\/p>\n\n\n\n<p>La entrega de credenciales de descuento del transporte p\u00fablico a j\u00f3venes universitarios representa un est\u00edmulo para ofrecerles mejores condiciones de estudio y que en el futuro contribuyan a la consolidaci\u00f3n de Tlaxcala como referente en la regi\u00f3n y el pa\u00eds, afirm\u00f3 el Gobernador Marco Mena al entregar 750 credenciales a estudiantes del Instituto Tecnol\u00f3gico de Apizaco (ITA), de un total de m\u00e1s de seis mil para los estudiantes de la entidad.<\/p>\n\n\n\n<p>En su mensaje, el Gobernador Mena destac\u00f3 la importancia de la educaci\u00f3n t\u00e9cnica, ya que registra mayor crecimiento de recurso humano y ofrece mejores posibilidades a los j\u00f3venes de encontrar un empleo bien remunerado.<\/p>\n\n\n\n<p>Marco Mena reconoci\u00f3 la calidad educativa del ITA, la cual es acorde con el crecimiento econ\u00f3mico de la regi\u00f3n y brinda la oportunidad para que estudiantes tlaxcaltecas inicien una carrera profesional que responde al contexto local.<\/p>\n\n\n\n<p>Asimismo, el Gobernador Marco Mena refiri\u00f3 que las acciones que impulsa el Gobierno del Estado para combatir la desigualdad en Tlaxcala, como el Programa \u201cSup\u00e9rate\u201d, ofrecer\u00e1 a toda una generaci\u00f3n de estudiantes amplias oportunidades de desarrollo que coincidir\u00e1n con una reducci\u00f3n hist\u00f3rica de la pobreza extrema en la entidad.<\/p>\n\n\n\n<p>Finalmente, el Gobernador Mena reiter\u00f3 el compromiso de la Administraci\u00f3n Estatal de respaldar a la educaci\u00f3n mediante el Sistema Estatal de Becas, por lo que invit\u00f3 a los universitarios a participar en el componente \u201cLos Mejores Mil\u201d que se entrega a trav\u00e9s de un examen estandarizado que aplica el Centro Nacional de Evaluaci\u00f3n para Educaci\u00f3n Superior (Ceneval).<\/p>\n\n\n\n<p>A nombre de los alumnos, Aracely S\u00e1nchez Bautista resalt\u00f3 la responsabilidad que tienen como estudiantes y la importancia de este programa con el que se apoya a j\u00f3venes de diferentes partes del estado.<\/p>\n\n\n\n<p>En su oportunidad, Jos\u00e9 Luis Ram\u00edrez Conde, titular de la Secte, inform\u00f3 que se han entregado m\u00e1s de seis mil credenciales para este semestre escolar, con las que los estudiantes reciben el beneficio de pagar el 50 por ciento del costo del pasaje en el transporte p\u00fablico, en tanto las empresas de autobuses que se suman a la estrategia obtienen un subsidio en el pago del refrendo vehicular.<\/p>\n\n\n\n<p>Sergio Octavio Rosales Aguayo, Director del Instituto Tecnol\u00f3gico de Apizaco, reconoci\u00f3 el apoyo del Gobierno Estatal para que estudiantes logren sus metas acad\u00e9micas y en un futuro sean profesionistas competitivos y agentes de cambio.<\/p>\n\n\n\n<p>Al evento asistieron Israel Montiel Rojas, Secretario del Consejo de Administraci\u00f3n de Transportes Apizaquenses Unidos (TAU) y Miguel \u00c1ngel Concha Campos, Presidente de la Sociedad de Alumnos del ITA.<\/p>\n","protected":false},"excerpt":{"rendered":"<p>\u2022 El Gobernador destac\u00f3 que la educaci\u00f3n tecnol\u00f3gica registra mayor crecimiento de recurso humano y brinda mejores oportunidades de desarrollo a los j\u00f3venes. La entrega de credenciales de descuento del transporte p\u00fablico a j\u00f3venes universitarios representa un est\u00edmulo para ofrecerles mejores condiciones de estudio y que en el futuro contribuyan a la consolidaci\u00f3n de Tlaxcala [&hellip;]<\/p>\n","protected":false},"author":12,"featured_media":0,"comment_status":"closed","ping_status":"open","sticky":false,"template":"","format":"standard","meta":{"om_disable_all_campaigns":false,"_monsterinsights_skip_tracking":false,"_monsterinsights_sitenote_active":false,"_monsterinsights_sitenote_note":"","_monsterinsights_sitenote_category":0,"jnews-multi-image_gallery":[],"jnews_single_post":[],"jnews_primary_category":[],"footnotes":""},"categories":[],"tags":[],"class_list":["post-53896","post","type-post","status-publish","format-standard","hentry"],"aioseo_notices":[],"_links":{"self":[{"href":"https:\/\/estado29.mx\/index.php?rest_route=\/wp\/v2\/posts\/53896","targetHints":{"allow":["GET"]}}],"collection":[{"href":"https:\/\/estado29.mx\/index.php?rest_route=\/wp\/v2\/posts"}],"about":[{"href":"https:\/\/estado29.mx\/index.php?rest_route=\/wp\/v2\/types\/post"}],"author":[{"embeddable":true,"href":"https:\/\/estado29.mx\/index.php?rest_route=\/wp\/v2\/users\/12"}],"replies":[{"embeddable":true,"href":"https:\/\/estado29.mx\/index.php?rest_route=%2Fwp%2Fv2%2Fcomments&post=53896"}],"version-history":[{"count":1,"href":"https:\/\/estado29.mx\/index.php?rest_route=\/wp\/v2\/posts\/53896\/revisions"}],"predecessor-version":[{"id":53899,"href":"https:\/\/estado29.mx\/index.php?rest_route=\/wp\/v2\/posts\/53896\/revisions\/53899"}],"wp:attachment":[{"href":"https:\/\/estado29.mx\/index.php?rest_route=%2Fwp%2Fv2%2Fmedia&parent=53896"}],"wp:term":[{"taxonomy":"category","embeddable":true,"href":"https:\/\/estado29.mx\/index.php?rest_route=%2Fwp%2Fv2%2Fcategories&post=53896"},{"taxonomy":"post_tag","embeddable":true,"href":"https:\/\/estado29.mx\/index.php?rest_route=%2Fwp%2Fv2%2Ftags&post=53896"}],"curies":[{"name":"wp","href":"https:\/\/api.w.org\/{rel}","templated":true}]}}