{"id":53909,"date":"2019-10-14T23:06:08","date_gmt":"2019-10-15T04:06:08","guid":{"rendered":"http:\/\/estado29.mx\/?p=53909"},"modified":"2019-10-14T23:06:17","modified_gmt":"2019-10-15T04:06:17","slug":"no-habra-bajas-en-el-personal-del-ayuntamiento-de-tocatlan","status":"publish","type":"post","link":"https:\/\/estado29.mx\/?p=53909","title":{"rendered":"No habr\u00e1 bajas en el personal del ayuntamiento de Tocatl\u00e1n."},"content":{"rendered":"\n<p>A unos meses de concluir pr\u00e1cticamente este 2019, en la\nmayor\u00eda de los ayuntamientos del estado de Tlaxcala se espera la modificaci\u00f3n\nde personal o bajas del mismo que no ha cumplido con su tarea encomendada. <\/p>\n\n\n\n<p>No obstante, en el municipio de Tocatl\u00e1n el alcalde, Jos\u00e9\nDel Carmen Hern\u00e1ndez Morales se\u00f1al\u00f3 que no se tendr\u00e1 ajustes en el personal con\nel que cuenta.<\/p>\n\n\n\n<p>Se\u00f1al\u00f3 que existen algunas personas que ya han presentado su\nrenuncia y ser\u00e1n tomadas en cuenta, lo que significa que no habr\u00e1 bajas de\nforma directa.<\/p>\n\n\n\n<p>No obstante, se\u00f1al\u00f3 que tampoco habr\u00e1 incremento dentro de\nla plantilla de servidores p\u00fablicos, a fin de no afectar las finanzas de\nTocatl\u00e1n. <\/p>\n","protected":false},"excerpt":{"rendered":"<p>A unos meses de concluir pr\u00e1cticamente este 2019, en la mayor\u00eda de los ayuntamientos del estado de Tlaxcala se espera la modificaci\u00f3n de personal o bajas del mismo que no ha cumplido con su tarea encomendada. No obstante, en el municipio de Tocatl\u00e1n el alcalde, Jos\u00e9 Del Carmen Hern\u00e1ndez Morales se\u00f1al\u00f3 que no se tendr\u00e1 [&hellip;]<\/p>\n","protected":false},"author":19,"featured_media":0,"comment_status":"closed","ping_status":"open","sticky":false,"template":"","format":"standard","meta":{"om_disable_all_campaigns":false,"_monsterinsights_skip_tracking":false,"_monsterinsights_sitenote_active":false,"_monsterinsights_sitenote_note":"","_monsterinsights_sitenote_category":0,"jnews-multi-image_gallery":[],"jnews_single_post":[],"jnews_primary_category":[],"footnotes":""},"categories":[],"tags":[],"class_list":["post-53909","post","type-post","status-publish","format-standard","hentry"],"aioseo_notices":[],"_links":{"self":[{"href":"https:\/\/estado29.mx\/index.php?rest_route=\/wp\/v2\/posts\/53909","targetHints":{"allow":["GET"]}}],"collection":[{"href":"https:\/\/estado29.mx\/index.php?rest_route=\/wp\/v2\/posts"}],"about":[{"href":"https:\/\/estado29.mx\/index.php?rest_route=\/wp\/v2\/types\/post"}],"author":[{"embeddable":true,"href":"https:\/\/estado29.mx\/index.php?rest_route=\/wp\/v2\/users\/19"}],"replies":[{"embeddable":true,"href":"https:\/\/estado29.mx\/index.php?rest_route=%2Fwp%2Fv2%2Fcomments&post=53909"}],"version-history":[{"count":1,"href":"https:\/\/estado29.mx\/index.php?rest_route=\/wp\/v2\/posts\/53909\/revisions"}],"predecessor-version":[{"id":53913,"href":"https:\/\/estado29.mx\/index.php?rest_route=\/wp\/v2\/posts\/53909\/revisions\/53913"}],"wp:attachment":[{"href":"https:\/\/estado29.mx\/index.php?rest_route=%2Fwp%2Fv2%2Fmedia&parent=53909"}],"wp:term":[{"taxonomy":"category","embeddable":true,"href":"https:\/\/estado29.mx\/index.php?rest_route=%2Fwp%2Fv2%2Fcategories&post=53909"},{"taxonomy":"post_tag","embeddable":true,"href":"https:\/\/estado29.mx\/index.php?rest_route=%2Fwp%2Fv2%2Ftags&post=53909"}],"curies":[{"name":"wp","href":"https:\/\/api.w.org\/{rel}","templated":true}]}}