{"id":53914,"date":"2019-10-14T23:08:51","date_gmt":"2019-10-15T04:08:51","guid":{"rendered":"http:\/\/estado29.mx\/?p=53914"},"modified":"2019-10-14T23:08:59","modified_gmt":"2019-10-15T04:08:59","slug":"habra-modificaciones-en-el-personal-del-ayuntamiento-de-huamantla-para-2020","status":"publish","type":"post","link":"https:\/\/estado29.mx\/?p=53914","title":{"rendered":"Habr\u00e1 modificaciones en el personal del ayuntamiento de Huamantla para 2020."},"content":{"rendered":"\n<p>El alcalde de Huamantla, Jorge S\u00e1nchez Jasso, dio a conocer\nque habr\u00e1 modificaciones dentro del ayuntamiento que encabeza, luego de que\nexisten personas que no han cumplido con las actividades a las que se les\nasign\u00f3. <\/p>\n\n\n\n<p>Se\u00f1al\u00f3 que a\u00fan no tiene el dato exacto de cu\u00e1ntas y cu\u00e1les\nser\u00e1n las bajas que existan dentro de la administraci\u00f3n, sin embargo, estas se\ndar\u00e1 a conocer concluyendo este 2019 o bien el 2020.<\/p>\n\n\n\n<p>Puntualiz\u00f3 que las \u00e1reas que se queden sin personal ser\u00e1n\nremplazadas con personas que cumplan el perfil y lleguen a las metas previstas.\n<\/p>\n\n\n\n<p>\u201cNo habr\u00e1 incremento de personal de manera desmedida, se\nhar\u00e1 hasta donde el presupuesto destinado para este rubro alcance.<\/p>\n","protected":false},"excerpt":{"rendered":"<p>El alcalde de Huamantla, Jorge S\u00e1nchez Jasso, dio a conocer que habr\u00e1 modificaciones dentro del ayuntamiento que encabeza, luego de que existen personas que no han cumplido con las actividades a las que se les asign\u00f3. Se\u00f1al\u00f3 que a\u00fan no tiene el dato exacto de cu\u00e1ntas y cu\u00e1les ser\u00e1n las bajas que existan dentro de [&hellip;]<\/p>\n","protected":false},"author":19,"featured_media":0,"comment_status":"closed","ping_status":"open","sticky":false,"template":"","format":"standard","meta":{"om_disable_all_campaigns":false,"_monsterinsights_skip_tracking":false,"_monsterinsights_sitenote_active":false,"_monsterinsights_sitenote_note":"","_monsterinsights_sitenote_category":0,"jnews-multi-image_gallery":[],"jnews_single_post":[],"jnews_primary_category":[],"footnotes":""},"categories":[],"tags":[],"class_list":["post-53914","post","type-post","status-publish","format-standard","hentry"],"aioseo_notices":[],"_links":{"self":[{"href":"https:\/\/estado29.mx\/index.php?rest_route=\/wp\/v2\/posts\/53914","targetHints":{"allow":["GET"]}}],"collection":[{"href":"https:\/\/estado29.mx\/index.php?rest_route=\/wp\/v2\/posts"}],"about":[{"href":"https:\/\/estado29.mx\/index.php?rest_route=\/wp\/v2\/types\/post"}],"author":[{"embeddable":true,"href":"https:\/\/estado29.mx\/index.php?rest_route=\/wp\/v2\/users\/19"}],"replies":[{"embeddable":true,"href":"https:\/\/estado29.mx\/index.php?rest_route=%2Fwp%2Fv2%2Fcomments&post=53914"}],"version-history":[{"count":1,"href":"https:\/\/estado29.mx\/index.php?rest_route=\/wp\/v2\/posts\/53914\/revisions"}],"predecessor-version":[{"id":53918,"href":"https:\/\/estado29.mx\/index.php?rest_route=\/wp\/v2\/posts\/53914\/revisions\/53918"}],"wp:attachment":[{"href":"https:\/\/estado29.mx\/index.php?rest_route=%2Fwp%2Fv2%2Fmedia&parent=53914"}],"wp:term":[{"taxonomy":"category","embeddable":true,"href":"https:\/\/estado29.mx\/index.php?rest_route=%2Fwp%2Fv2%2Fcategories&post=53914"},{"taxonomy":"post_tag","embeddable":true,"href":"https:\/\/estado29.mx\/index.php?rest_route=%2Fwp%2Fv2%2Ftags&post=53914"}],"curies":[{"name":"wp","href":"https:\/\/api.w.org\/{rel}","templated":true}]}}