{"id":53972,"date":"2019-10-15T15:13:46","date_gmt":"2019-10-15T20:13:46","guid":{"rendered":"http:\/\/estado29.mx\/?p=53972"},"modified":"2019-10-15T15:13:54","modified_gmt":"2019-10-15T20:13:54","slug":"suma-delegacion-tlaxcalteca-10-medallas-en-paralimpiada-nacional-2019","status":"publish","type":"post","link":"https:\/\/estado29.mx\/?p=53972","title":{"rendered":"Suma delegaci\u00f3n tlaxcalteca 10 medallas en paralimpiada nacional 2019"},"content":{"rendered":"\n<p>\u2022&nbsp;<em>Los atletas tlaxcaltecas han obtenido 4 medallas de oro, 4 de plata y dos de bronce.<\/em><\/p>\n\n\n\n<p>La delegaci\u00f3n tlaxcalteca suma, hasta este momento, un total de 10 medallas en la Paralimpiada Nacional 2019, que se realiza en el estado de Colima, donde los atletas locales participan en para-atletismo y pruebas de pista y campo.<\/p>\n\n\n\n<p>En la segunda jornada de actividades del encuentro nacional, H\u00e9ctor Yosef nuevamente se adjudic\u00f3 el primer lugar, en esta ocasi\u00f3n en la prueba de los 400 metros planos clasificaci\u00f3n T45\/46\/47 categor\u00eda juvenil menor, con un tiempo de 1 minuto 01 segundo y 45 cent\u00e9simas; de igual forma, Kevin Hazel Tonix Maldonado en la misma prueba y clasificaci\u00f3n, pero categor\u00eda juvenil mayor se adjudic\u00f3 el bronce al cronometrar un tiempo de 1 minuto 01 segundo 55 cent\u00e9simas.<\/p>\n\n\n\n<p>En pruebas de campo Jos\u00e9 Luis Le\u00f3n Aco gan\u00f3 medalla de plata en impulso de bala clasificaci\u00f3n F 54 categor\u00eda juvenil mayor, el deportista con cinco meses de pr\u00e1ctica se mostr\u00f3 optimista al debutar con triunfos.<\/p>\n\n\n\n<p>Al respecto, Vinicio Tonix Rugerio, estratega del Instituto del Deporte de Tlaxcala (IDET) resalt\u00f3 que estos resultados reflejan el trabajo que se ha realizado con los deportistas.<\/p>\n\n\n\n<p>\u201cDesde que termin\u00f3 la paralimpiada pasada, los muchachos se mantuvieron entrenando, el trabajo en ocasiones fue bastante fuerte, me da gusto que ellos est\u00e9n ganando, porque son medallas para ellos que ponen en alto el nombre de Tlaxcala\u201d, enfatiz\u00f3.&nbsp;<\/p>\n\n\n\n<p>Cabe se\u00f1alar que previamente, en el primer d\u00eda de competencias Diego Iv\u00e1n Gonz\u00e1lez Gal\u00e1n, en la prueba T54, juvenil menor, 100 metros gan\u00f3 oro; Ares Gael Cu\u00e9llar, en la competencia F47, juvenil menor en salto de longitud obtuvo el metal dorado y H\u00e9ctor Joseph Polvo Polvo en T47, juvenil menor en 100 metros tambi\u00e9n se adjudic\u00f3 el primer lugar.<\/p>\n\n\n\n<p>En tanto, Jos\u00e9 Luis Le\u00f3n Aco en F54, juvenil mayor en lanzamiento de jabalina obtuvo la medalla de plata, al igual que Jos\u00e9 Alexander Herrera Mel\u00e9ndez en F44, juvenil mayor en lanzamiento de jabalina y Marco Abdu L\u00f3pez en F55, juvenil menor en lanzamiento de disco.<\/p>\n\n\n\n<p>Finalmente, Jes\u00fas Abelardo Alvarado Molina en F44, juvenil mayor en lanzamiento de jabalina obtuvo la medalla de bronce.<\/p>\n","protected":false},"excerpt":{"rendered":"<p>\u2022&nbsp;Los atletas tlaxcaltecas han obtenido 4 medallas de oro, 4 de plata y dos de bronce. La delegaci\u00f3n tlaxcalteca suma, hasta este momento, un total de 10 medallas en la Paralimpiada Nacional 2019, que se realiza en el estado de Colima, donde los atletas locales participan en para-atletismo y pruebas de pista y campo. En [&hellip;]<\/p>\n","protected":false},"author":12,"featured_media":0,"comment_status":"closed","ping_status":"open","sticky":false,"template":"","format":"standard","meta":{"om_disable_all_campaigns":false,"_monsterinsights_skip_tracking":false,"_monsterinsights_sitenote_active":false,"_monsterinsights_sitenote_note":"","_monsterinsights_sitenote_category":0,"jnews-multi-image_gallery":[],"jnews_single_post":[],"jnews_primary_category":[],"footnotes":""},"categories":[],"tags":[],"class_list":["post-53972","post","type-post","status-publish","format-standard","hentry"],"aioseo_notices":[],"_links":{"self":[{"href":"https:\/\/estado29.mx\/index.php?rest_route=\/wp\/v2\/posts\/53972","targetHints":{"allow":["GET"]}}],"collection":[{"href":"https:\/\/estado29.mx\/index.php?rest_route=\/wp\/v2\/posts"}],"about":[{"href":"https:\/\/estado29.mx\/index.php?rest_route=\/wp\/v2\/types\/post"}],"author":[{"embeddable":true,"href":"https:\/\/estado29.mx\/index.php?rest_route=\/wp\/v2\/users\/12"}],"replies":[{"embeddable":true,"href":"https:\/\/estado29.mx\/index.php?rest_route=%2Fwp%2Fv2%2Fcomments&post=53972"}],"version-history":[{"count":1,"href":"https:\/\/estado29.mx\/index.php?rest_route=\/wp\/v2\/posts\/53972\/revisions"}],"predecessor-version":[{"id":53975,"href":"https:\/\/estado29.mx\/index.php?rest_route=\/wp\/v2\/posts\/53972\/revisions\/53975"}],"wp:attachment":[{"href":"https:\/\/estado29.mx\/index.php?rest_route=%2Fwp%2Fv2%2Fmedia&parent=53972"}],"wp:term":[{"taxonomy":"category","embeddable":true,"href":"https:\/\/estado29.mx\/index.php?rest_route=%2Fwp%2Fv2%2Fcategories&post=53972"},{"taxonomy":"post_tag","embeddable":true,"href":"https:\/\/estado29.mx\/index.php?rest_route=%2Fwp%2Fv2%2Ftags&post=53972"}],"curies":[{"name":"wp","href":"https:\/\/api.w.org\/{rel}","templated":true}]}}