{"id":55235,"date":"2019-11-14T07:42:37","date_gmt":"2019-11-14T13:42:37","guid":{"rendered":"http:\/\/estado29.mx\/?p=55235"},"modified":"2019-11-14T07:42:45","modified_gmt":"2019-11-14T13:42:45","slug":"clausura-sandra-chavez-ruelas-curso-de-capacitacion-para-el-autoempleo","status":"publish","type":"post","link":"https:\/\/estado29.mx\/?p=55235","title":{"rendered":"Clausura Sandra Ch\u00e1vez Ruelas curso de capacitaci\u00f3n para el autoempleo"},"content":{"rendered":"\n<p>La Presidenta Honor\u00edfica del Sistema Estatal para el Desarrollo Integral de la Familia (DIF), Sandra Ch\u00e1vez Ruelas, encabez\u00f3 la clausura del Curso de Capacitaci\u00f3n para el Autoempleo, que opera el Sistema Estatal de Promoci\u00f3n del Empleo y Desarrollo Comunitario (Sepuede).<\/p>\n\n\n\n<p>En la comunidad de Guadalupe Tlachco, del municipio de Santa Cruz Tlaxcala, Ch\u00e1vez Ruelas felicit\u00f3 y reconoci\u00f3 el esfuerzo de artesanas y artesanos que participaron en el curso que se desarroll\u00f3 a trav\u00e9s del Sistema Nacional del Empleo (SNE).<\/p>\n\n\n\n<p>El Coordinador del Sepuede, Manuel Camacho Higareda, destac\u00f3 los beneficios del Programa de Autoempleo, que impacta directamente en favor de los art\u00edfices, quienes obtuvieron un apoyo econ\u00f3mico \u00fanico que les ayudar\u00e1 a continuar sus actividades productivas.<\/p>\n\n\n\n<p>&#8220;Los artesanos elaboran mucho m\u00e1s que solo objetos, lo que realizan es un acto de amor que comparten con el mundo. En el Sepuede fomentamos estrategias para que obtengan las herramientas necesarias que les permita mejorar su calidad de vida&#8221;, afirm\u00f3 el funcionario.<\/p>\n\n\n\n<p>Explic\u00f3 que este curso, que se llev\u00f3 a cabo por 20 d\u00edas y que benefici\u00f3 a 25 personas tuvo como prop\u00f3sito que m\u00e1s tlaxcaltecas cuenten con conocimientos que mejoren sus condiciones.<\/p>\n\n\n\n<p>A nombre de las beneficiarias, Guadalupe Conde Conde, en presencia del Director de la Casa de las Artesan\u00edas, Jos\u00e9 Luis S\u00e1nchez Mastranzo, agradeci\u00f3 a las autoridades estatales el apoyo que recibe el sector artesanal, mediante cursos para que se especialicen y con ello puedan desarrollar sus habilidades y fortalecer su econom\u00eda.<\/p>\n\n\n\n<p>En tanto, Jorge Antonio V\u00e1squez Mej\u00eda, Director del SNE en Tlaxcala, destac\u00f3 que en la dependencia se fomenta la capacitaci\u00f3n para brindar a las y los ciudadanos los instrumentos necesarios, a fin de que consigan un empleo o bien puedan establecer su propio negocio.<\/p>\n\n\n\n<p>Al final del evento, las autoridades recorrieron los stands para conocer las piezas que fueron elaboradas con hoja de ma\u00edz.<\/p>\n\n\n\n<p>Al acto asistieron Esteban Bautista Bautista, Presidente de Comunidad de Guadalupe Tlachco, as\u00ed como representantes del Ayuntamiento de Santa Cruz Tlaxcala.<\/p>\n","protected":false},"excerpt":{"rendered":"<p>La Presidenta Honor\u00edfica del Sistema Estatal para el Desarrollo Integral de la Familia (DIF), Sandra Ch\u00e1vez Ruelas, encabez\u00f3 la clausura del Curso de Capacitaci\u00f3n para el Autoempleo, que opera el Sistema Estatal de Promoci\u00f3n del Empleo y Desarrollo Comunitario (Sepuede). En la comunidad de Guadalupe Tlachco, del municipio de Santa Cruz Tlaxcala, Ch\u00e1vez Ruelas felicit\u00f3 [&hellip;]<\/p>\n","protected":false},"author":12,"featured_media":0,"comment_status":"closed","ping_status":"open","sticky":false,"template":"","format":"standard","meta":{"om_disable_all_campaigns":false,"_monsterinsights_skip_tracking":false,"_monsterinsights_sitenote_active":false,"_monsterinsights_sitenote_note":"","_monsterinsights_sitenote_category":0,"jnews-multi-image_gallery":[],"jnews_single_post":[],"jnews_primary_category":[],"footnotes":""},"categories":[],"tags":[],"class_list":["post-55235","post","type-post","status-publish","format-standard","hentry"],"aioseo_notices":[],"_links":{"self":[{"href":"https:\/\/estado29.mx\/index.php?rest_route=\/wp\/v2\/posts\/55235","targetHints":{"allow":["GET"]}}],"collection":[{"href":"https:\/\/estado29.mx\/index.php?rest_route=\/wp\/v2\/posts"}],"about":[{"href":"https:\/\/estado29.mx\/index.php?rest_route=\/wp\/v2\/types\/post"}],"author":[{"embeddable":true,"href":"https:\/\/estado29.mx\/index.php?rest_route=\/wp\/v2\/users\/12"}],"replies":[{"embeddable":true,"href":"https:\/\/estado29.mx\/index.php?rest_route=%2Fwp%2Fv2%2Fcomments&post=55235"}],"version-history":[{"count":1,"href":"https:\/\/estado29.mx\/index.php?rest_route=\/wp\/v2\/posts\/55235\/revisions"}],"predecessor-version":[{"id":55238,"href":"https:\/\/estado29.mx\/index.php?rest_route=\/wp\/v2\/posts\/55235\/revisions\/55238"}],"wp:attachment":[{"href":"https:\/\/estado29.mx\/index.php?rest_route=%2Fwp%2Fv2%2Fmedia&parent=55235"}],"wp:term":[{"taxonomy":"category","embeddable":true,"href":"https:\/\/estado29.mx\/index.php?rest_route=%2Fwp%2Fv2%2Fcategories&post=55235"},{"taxonomy":"post_tag","embeddable":true,"href":"https:\/\/estado29.mx\/index.php?rest_route=%2Fwp%2Fv2%2Ftags&post=55235"}],"curies":[{"name":"wp","href":"https:\/\/api.w.org\/{rel}","templated":true}]}}