{"id":55239,"date":"2019-11-14T07:45:14","date_gmt":"2019-11-14T13:45:14","guid":{"rendered":"http:\/\/estado29.mx\/?p=55239"},"modified":"2019-11-14T07:46:34","modified_gmt":"2019-11-14T13:46:34","slug":"tlaxcaltecas-participan-en-la-33a-olimpiada-mexicana-de-matematicas","status":"publish","type":"post","link":"https:\/\/estado29.mx\/?p=55239","title":{"rendered":"Tlaxcaltecas participan en la 33a olimpiada mexicana de matem\u00e1ticas"},"content":{"rendered":"\n<p>Seis alumnos tlaxcaltecas forman parte de los 192 mejores estudiantes del pa\u00eds que participan en la 33\u00aa Olimpiada Mexicana de Matem\u00e1ticas (OMM), que se realiza del 10 al 15 de noviembre en la ciudad de M\u00e9xico.&nbsp;<\/p>\n\n\n\n<p>El Secretario de Educaci\u00f3n, Florentino Dom\u00ednguez Ord\u00f3\u00f1ez, dese\u00f3 \u00e9xito a los j\u00f3venes que representan al Estado en este encuentro nacional que realiza la Sociedad Mexicana de Matem\u00e1ticas, e integra a los mejores alumnos, principalmente de nivel bachillerato, para formar las delegaciones que representar\u00e1n a M\u00e9xico durante el 2020 en las olimpiadas Internacionales.&nbsp;<\/p>\n\n\n\n<p>De acuerdo a la convocatoria, se elegir\u00e1n las preselecciones para las olimpiadas Centroamericana y el Caribe, Europea Femenil, Olimpiada Internacional de Matem\u00e1ticas y para la Olimpiada Iberoamericana de Matem\u00e1ticas.<\/p>\n\n\n\n<p>Los alumnos, Alexis Jonathan Dorantes V\u00e1zquez, Dalia Manohatl Cocoletzi, Vianey Guadalupe Cortes Hern\u00e1ndez, Emmanuel Iv\u00e1n Montiel Paredes, Luis Octavio S\u00e1nchez Hern\u00e1ndez y Marte Esteban Aparicio God\u00ednez, forman parte de los estudiantes que compiten por obtener un lugar en la delegaci\u00f3n nacional.&nbsp;&nbsp;<\/p>\n\n\n\n<p>En el evento que se desarrolla en la unidad de posgrados del Instituto Tecnol\u00f3gico Aut\u00f3nomo de M\u00e9xico (ITAM) en la Alcald\u00eda La Magdalena Contreras en Ciudad de M\u00e9xico (CDMX), tambi\u00e9n asisten 84 delegados y 59 miembros del comit\u00e9 organizador.<\/p>\n\n\n\n<p>A los primeros lugares del Concurso Nacional de la 33\u00aa Olimpiada Mexicana de Matem\u00e1ticas, se les invitar\u00e1 a la etapa de entrenamiento y selecci\u00f3n que se realizar\u00e1 durante aproximadamente 10 d\u00edas, cada 6 semanas a partir de diciembre de 2019 y hasta la fecha de celebraci\u00f3n del concurso internacional correspondiente.<\/p>\n\n\n\n<p>Florentino Dom\u00ednguez Ord\u00f3\u00f1ez reconoci\u00f3 el gran trabajo que realizan los estudiantes, sus asesores y padres de familia, para que los j\u00f3venes tlaxcaltecas puedan formar parte de los mejores estudiantes de todo el pa\u00eds.<\/p>\n","protected":false},"excerpt":{"rendered":"<p>Seis alumnos tlaxcaltecas forman parte de los 192 mejores estudiantes del pa\u00eds que participan en la 33\u00aa Olimpiada Mexicana de Matem\u00e1ticas (OMM), que se realiza del 10 al 15 de noviembre en la ciudad de M\u00e9xico.&nbsp; El Secretario de Educaci\u00f3n, Florentino Dom\u00ednguez Ord\u00f3\u00f1ez, dese\u00f3 \u00e9xito a los j\u00f3venes que representan al Estado en este encuentro [&hellip;]<\/p>\n","protected":false},"author":12,"featured_media":0,"comment_status":"closed","ping_status":"open","sticky":false,"template":"","format":"standard","meta":{"om_disable_all_campaigns":false,"_monsterinsights_skip_tracking":false,"_monsterinsights_sitenote_active":false,"_monsterinsights_sitenote_note":"","_monsterinsights_sitenote_category":0,"jnews-multi-image_gallery":[],"jnews_single_post":[],"jnews_primary_category":[],"footnotes":""},"categories":[],"tags":[],"class_list":["post-55239","post","type-post","status-publish","format-standard","hentry"],"aioseo_notices":[],"_links":{"self":[{"href":"https:\/\/estado29.mx\/index.php?rest_route=\/wp\/v2\/posts\/55239","targetHints":{"allow":["GET"]}}],"collection":[{"href":"https:\/\/estado29.mx\/index.php?rest_route=\/wp\/v2\/posts"}],"about":[{"href":"https:\/\/estado29.mx\/index.php?rest_route=\/wp\/v2\/types\/post"}],"author":[{"embeddable":true,"href":"https:\/\/estado29.mx\/index.php?rest_route=\/wp\/v2\/users\/12"}],"replies":[{"embeddable":true,"href":"https:\/\/estado29.mx\/index.php?rest_route=%2Fwp%2Fv2%2Fcomments&post=55239"}],"version-history":[{"count":2,"href":"https:\/\/estado29.mx\/index.php?rest_route=\/wp\/v2\/posts\/55239\/revisions"}],"predecessor-version":[{"id":55243,"href":"https:\/\/estado29.mx\/index.php?rest_route=\/wp\/v2\/posts\/55239\/revisions\/55243"}],"wp:attachment":[{"href":"https:\/\/estado29.mx\/index.php?rest_route=%2Fwp%2Fv2%2Fmedia&parent=55239"}],"wp:term":[{"taxonomy":"category","embeddable":true,"href":"https:\/\/estado29.mx\/index.php?rest_route=%2Fwp%2Fv2%2Fcategories&post=55239"},{"taxonomy":"post_tag","embeddable":true,"href":"https:\/\/estado29.mx\/index.php?rest_route=%2Fwp%2Fv2%2Ftags&post=55239"}],"curies":[{"name":"wp","href":"https:\/\/api.w.org\/{rel}","templated":true}]}}