{"id":55305,"date":"2019-11-15T07:34:52","date_gmt":"2019-11-15T13:34:52","guid":{"rendered":"http:\/\/estado29.mx\/?p=55305"},"modified":"2019-11-15T07:35:03","modified_gmt":"2019-11-15T13:35:03","slug":"reconoce-florentino-dominguez-compromiso-y-labor-docente","status":"publish","type":"post","link":"https:\/\/estado29.mx\/?p=55305","title":{"rendered":"Reconoce Florentino Dom\u00ednguez compromiso y labor docente"},"content":{"rendered":"\n<p>\u00b7&nbsp;&nbsp;&nbsp;&nbsp;&nbsp;&nbsp;<em>El Secretario de Educaci\u00f3n entreg\u00f3 \u201cBecas Comisi\u00f3n\u201d y \u201cBecas Econ\u00f3micas\u201d a docentes y trabajadores de la educaci\u00f3n<\/em><\/p>\n\n\n\n<p>El Secretario de Educaci\u00f3n P\u00fablica del Estado, Florentino Dom\u00ednguez Ordo\u00f1ez, reconoci\u00f3 el compromiso y la labor educativa de docentes y trabajadores administrativos de la Secci\u00f3n 55 del Sindicato Nacional de Trabajadores de la Educaci\u00f3n (SNTE) que obtuvieron las \u201cBecas Comisi\u00f3n\u201d y \u201cBecas Econ\u00f3micas 2019\u201d.&nbsp;<\/p>\n\n\n\n<p>En las instalaciones del complejo administrativo de la SEPE-USET, el funcionario estatal destac\u00f3 el profesionalismo y entrega de los galardonados, a quienes invit\u00f3 a aprovechar esta oportunidad que tienen para mejorar su desempe\u00f1o profesional.<\/p>\n\n\n\n<p>Florentino Dom\u00ednguez Ordo\u00f1ez, reafirm\u00f3 el trabajo del Gobernador Marco Mena a favor de los trabajadores del sector educativo, adem\u00e1s, es una persona cercana al magisterio tlaxcalteca, que aprecia y valora a todos quienes hacen posible la educaci\u00f3n en el estado.<\/p>\n\n\n\n<p>El titular de la SEPE-USET, encabez\u00f3 la ceremonia de entrega de reconocimientos a maestras y maestros trabajadores administrativos a quienes felicit\u00f3 por el m\u00e9rito de haber logrado la beca.<\/p>\n\n\n\n<p>\u201cLas maestras, maestros y trabajadores de apoyo y asistencia, reciben la oportunidad para cursar una licenciatura, maestr\u00eda o doctorado. Son estas acciones que dan m\u00e1s fuerza y certeza para que todos vuelvan a creer en la educaci\u00f3n, por eso necesitamos maestros como ustedes, que luchen contra toda adversidad, que sean unos l\u00edderes que se preocupan por crear un mejor futuro para las nuevas generaciones de Tlaxcala\u201d, mencion\u00f3.<\/p>\n\n\n\n<p>Por su parte, el secretario general de la Secci\u00f3n 55 del SNTE, Jorge Guevara Lozada, agradeci\u00f3, a nombre del magisterio del estado, el impulso que ha brindado el gobernador Marco Mena a favor de una educaci\u00f3n de calidad.<\/p>\n\n\n\n<p>&#8220;Mi reconocimiento al Secretario de Educaci\u00f3n P\u00fablica, por trabajar al lado de mis compa\u00f1eras y compa\u00f1eros trabajadores de la educaci\u00f3n; su compromiso con los maestros hace posible este tipo de acciones, que son en beneficio y desarrollo del magisterio tlaxcalteca\u201d, remarc\u00f3.<\/p>\n\n\n\n<p>En el acto estuvieron presentes, Joel Parada Matamoros, de Relaciones Laborales; y Erna Sierra Arias, Directora de Educaci\u00f3n Terminal de la Secretar\u00eda de Educaci\u00f3n P\u00fablica del Estado.<\/p>\n","protected":false},"excerpt":{"rendered":"<p>\u00b7&nbsp;&nbsp;&nbsp;&nbsp;&nbsp;&nbsp;El Secretario de Educaci\u00f3n entreg\u00f3 \u201cBecas Comisi\u00f3n\u201d y \u201cBecas Econ\u00f3micas\u201d a docentes y trabajadores de la educaci\u00f3n El Secretario de Educaci\u00f3n P\u00fablica del Estado, Florentino Dom\u00ednguez Ordo\u00f1ez, reconoci\u00f3 el compromiso y la labor educativa de docentes y trabajadores administrativos de la Secci\u00f3n 55 del Sindicato Nacional de Trabajadores de la Educaci\u00f3n (SNTE) que obtuvieron las [&hellip;]<\/p>\n","protected":false},"author":12,"featured_media":0,"comment_status":"closed","ping_status":"open","sticky":false,"template":"","format":"standard","meta":{"om_disable_all_campaigns":false,"_monsterinsights_skip_tracking":false,"_monsterinsights_sitenote_active":false,"_monsterinsights_sitenote_note":"","_monsterinsights_sitenote_category":0,"jnews-multi-image_gallery":[],"jnews_single_post":[],"jnews_primary_category":[],"footnotes":""},"categories":[],"tags":[],"class_list":["post-55305","post","type-post","status-publish","format-standard","hentry"],"aioseo_notices":[],"_links":{"self":[{"href":"https:\/\/estado29.mx\/index.php?rest_route=\/wp\/v2\/posts\/55305","targetHints":{"allow":["GET"]}}],"collection":[{"href":"https:\/\/estado29.mx\/index.php?rest_route=\/wp\/v2\/posts"}],"about":[{"href":"https:\/\/estado29.mx\/index.php?rest_route=\/wp\/v2\/types\/post"}],"author":[{"embeddable":true,"href":"https:\/\/estado29.mx\/index.php?rest_route=\/wp\/v2\/users\/12"}],"replies":[{"embeddable":true,"href":"https:\/\/estado29.mx\/index.php?rest_route=%2Fwp%2Fv2%2Fcomments&post=55305"}],"version-history":[{"count":1,"href":"https:\/\/estado29.mx\/index.php?rest_route=\/wp\/v2\/posts\/55305\/revisions"}],"predecessor-version":[{"id":55308,"href":"https:\/\/estado29.mx\/index.php?rest_route=\/wp\/v2\/posts\/55305\/revisions\/55308"}],"wp:attachment":[{"href":"https:\/\/estado29.mx\/index.php?rest_route=%2Fwp%2Fv2%2Fmedia&parent=55305"}],"wp:term":[{"taxonomy":"category","embeddable":true,"href":"https:\/\/estado29.mx\/index.php?rest_route=%2Fwp%2Fv2%2Fcategories&post=55305"},{"taxonomy":"post_tag","embeddable":true,"href":"https:\/\/estado29.mx\/index.php?rest_route=%2Fwp%2Fv2%2Ftags&post=55305"}],"curies":[{"name":"wp","href":"https:\/\/api.w.org\/{rel}","templated":true}]}}