{"id":55313,"date":"2019-11-15T07:45:57","date_gmt":"2019-11-15T13:45:57","guid":{"rendered":"http:\/\/estado29.mx\/?p=55313"},"modified":"2019-11-15T09:42:03","modified_gmt":"2019-11-15T15:42:03","slug":"recibe-jccp-resultados-de-evaluacion-de-aspirantes-a-integrar-al-consejo-general-de-iaip","status":"publish","type":"post","link":"https:\/\/estado29.mx\/?p=55313","title":{"rendered":"Recibe JCCP resultados de evaluaci\u00f3n de aspirantes a integrar al consejo general de IAIP"},"content":{"rendered":"\n<p>La Diputada Presidenta de la Junta de Coordinaci\u00f3n y Concertaci\u00f3n Pol\u00edtica del Congreso del Estado, Irma Yordana Garay Loredo, recibi\u00f3 este jueves los resultados del examen oral p\u00fablico aplicado a los aspirantes a integrar el Consejo General del Instituto de Acceso a la Informaci\u00f3n P\u00fablica y Protecci\u00f3n de Datos Personales de Tlaxcala.<\/p>\n\n\n\n<p>Dichos resultados fueron entregados por los tres integrantes del s\u00ednodo que realiz\u00f3 la evaluaci\u00f3n a los seis aspirantes en el Sal\u00f3n Rojo del Palacio Legislativo, en un sobre debidamente cerrado y firmado.<\/p>\n\n\n\n<p>Es preciso mencionar que este viernes 15 de noviembre, durante la celebraci\u00f3n de una sesi\u00f3n extraordinaria se har\u00e1n p\u00fablicos los resultados, y los integrantes del Pleno del Congreso del Estado, elegir\u00e1n y tomar\u00e1n protesta a los consejeros propietario y suplente que entrar\u00e1n en funciones a partir del 2 de enero del 2020.<\/p>\n\n\n\n<p>Previo a la entrega de los resultados, los especialistas que integraron el jurado, Mar\u00eda Elena Franco Salinas, Alejandro Torres Rogelio, Lucero Romero Mora, reconocieron que no fue una tarea f\u00e1cil realizar la evaluaci\u00f3n en virtud de que todos los aspirantes mostraron capacidad y experiencia para ocupar dicha posici\u00f3n.<\/p>\n\n\n\n<p>Los aspirantes que se sometieron a la prueba oral fueron: Arturo de Casa Vega, Divina L\u00f3pez Tacuba, Liliana Atonal Mendoza, Claudia Acosta Vieyra, Nely Liliana Cuecuecha Guti\u00e9rrez y Maribel Rodr\u00edguez Piedras.<\/p>\n","protected":false},"excerpt":{"rendered":"<p>La Diputada Presidenta de la Junta de Coordinaci\u00f3n y Concertaci\u00f3n Pol\u00edtica del Congreso del Estado, Irma Yordana Garay Loredo, recibi\u00f3 este jueves los resultados del examen oral p\u00fablico aplicado a los aspirantes a integrar el Consejo General del Instituto de Acceso a la Informaci\u00f3n P\u00fablica y Protecci\u00f3n de Datos Personales de Tlaxcala. Dichos resultados fueron [&hellip;]<\/p>\n","protected":false},"author":12,"featured_media":0,"comment_status":"closed","ping_status":"open","sticky":false,"template":"","format":"standard","meta":{"om_disable_all_campaigns":false,"_monsterinsights_skip_tracking":false,"_monsterinsights_sitenote_active":false,"_monsterinsights_sitenote_note":"","_monsterinsights_sitenote_category":0,"jnews-multi-image_gallery":[],"jnews_single_post":[],"jnews_primary_category":[],"footnotes":""},"categories":[],"tags":[],"class_list":["post-55313","post","type-post","status-publish","format-standard","hentry"],"aioseo_notices":[],"_links":{"self":[{"href":"https:\/\/estado29.mx\/index.php?rest_route=\/wp\/v2\/posts\/55313","targetHints":{"allow":["GET"]}}],"collection":[{"href":"https:\/\/estado29.mx\/index.php?rest_route=\/wp\/v2\/posts"}],"about":[{"href":"https:\/\/estado29.mx\/index.php?rest_route=\/wp\/v2\/types\/post"}],"author":[{"embeddable":true,"href":"https:\/\/estado29.mx\/index.php?rest_route=\/wp\/v2\/users\/12"}],"replies":[{"embeddable":true,"href":"https:\/\/estado29.mx\/index.php?rest_route=%2Fwp%2Fv2%2Fcomments&post=55313"}],"version-history":[{"count":2,"href":"https:\/\/estado29.mx\/index.php?rest_route=\/wp\/v2\/posts\/55313\/revisions"}],"predecessor-version":[{"id":55325,"href":"https:\/\/estado29.mx\/index.php?rest_route=\/wp\/v2\/posts\/55313\/revisions\/55325"}],"wp:attachment":[{"href":"https:\/\/estado29.mx\/index.php?rest_route=%2Fwp%2Fv2%2Fmedia&parent=55313"}],"wp:term":[{"taxonomy":"category","embeddable":true,"href":"https:\/\/estado29.mx\/index.php?rest_route=%2Fwp%2Fv2%2Fcategories&post=55313"},{"taxonomy":"post_tag","embeddable":true,"href":"https:\/\/estado29.mx\/index.php?rest_route=%2Fwp%2Fv2%2Ftags&post=55313"}],"curies":[{"name":"wp","href":"https:\/\/api.w.org\/{rel}","templated":true}]}}