{"id":55321,"date":"2019-11-15T07:52:38","date_gmt":"2019-11-15T13:52:38","guid":{"rendered":"http:\/\/estado29.mx\/?p=55321"},"modified":"2019-11-15T07:52:47","modified_gmt":"2019-11-15T13:52:47","slug":"marco-mena-inaugura-convencion-nacional-del-canacintra","status":"publish","type":"post","link":"https:\/\/estado29.mx\/?p=55321","title":{"rendered":"Marco Mena inaugura convenci\u00f3n nacional del CANACINTRA"},"content":{"rendered":"\n<p><em>\u2022 El Gobernador asegur\u00f3 que Tlaxcala trabaja para atraer m\u00e1s inversiones que generan empleo formal y mejoran las condiciones de las familias.&nbsp;<\/em><\/p>\n\n\n\n<p>El Gobernador Marco Mena afirm\u00f3 que la Administraci\u00f3n Estatal trabaja para mantener las condiciones econ\u00f3micas favorables y brindar certeza a empresarios dispuestos a invertir y desarrollar negocios en la regi\u00f3n que generan empleo formal e impactan la calidad de vida de la poblaci\u00f3n, al encabezar el inicio de los trabajos de la Convenci\u00f3n Nacional de Directores y Gerentes de Delegaciones de la C\u00e1mara Nacional de la Industria de la Transformaci\u00f3n (Canacintra) 2019, que se celebra en Tlaxcala.<\/p>\n\n\n\n<p>Ante Jos\u00e9 Enoch Castellanos F\u00e9rez, Presidente Nacional de la Canacintra, el Gobernador Mena refrend\u00f3 el compromiso de consolidar a Tlaxcala como referencia en el pa\u00eds, por ser un estado que registra una tendencia positiva de crecimiento y mejora constantemente las condiciones de las personas en situaci\u00f3n vulnerable.<\/p>\n\n\n\n<p>Marco Mena destac\u00f3 que las estad\u00edsticas e indicadores de desarrollo econ\u00f3mico ubican a Tlaxcala como una de las entidades con mayor crecimiento, con un \u00edndice del 4.1 por ciento; adem\u00e1s en generaci\u00f3n de empleo formal el corte m\u00e1s reciente del IMSS confirma que en el estado se crearon m\u00e1s de mil nuevas fuentes laborales en el \u00faltimo mes.<\/p>\n\n\n\n<p>Asimismo, el Gobernador Marco Mena refiri\u00f3 que resultado de las finanzas estables que registra la Administraci\u00f3n Estatal, Tlaxcala es el \u00fanico estado del pa\u00eds sin deuda p\u00fablica que realiza obras importantes como la modernizaci\u00f3n de la carretera Tlaxcala-Apizaco, que representa el principal nodo vial de la regi\u00f3n y conecta al centro del pa\u00eds con el puerto de Veracruz y el Golfo con el Baj\u00edo.<\/p>\n\n\n\n<p>En su mensaje, Marco Mena enfatiz\u00f3 el combate a la pobreza que impulsa el Gobierno del Estado, a trav\u00e9s del Programa \u201cSup\u00e9rate\u201d, el cual este mismo mes empez\u00f3 a operar con la entrega de recursos y seguros para familias vulnerables, que es uno de sus componentes para respaldar a tlaxcaltecas que viven en condiciones de pobreza.<\/p>\n\n\n\n<p>En su oportunidad, Jos\u00e9 Enoch Castellanos F\u00e9rez, Presidente Nacional de la Canacintra, se\u00f1al\u00f3 que la C\u00e1mara ha evolucionado a trav\u00e9s del tiempo en congruencia con los cambios sociales, econ\u00f3micos y pol\u00edticos de M\u00e9xico y el mundo, adem\u00e1s de que la funci\u00f3n del empresario es generar valor, riqueza, empleos y comprometerse con sus comunidades y sociedad.<\/p>\n\n\n\n<p>Castellanos F\u00e9rez sostuvo que la empresa es una c\u00e9lula fundamental de la sociedad e invit\u00f3 a los asistentes a ser parte activa de sus ecosistemas empresariales en cada una de las 76 ciudades y circunscripciones en las que tienen presencia, as\u00ed como en los 14 sectores industriales y 104 ramas.<\/p>\n\n\n\n<p>Jos\u00e9 Luis Baltazar Santiesteban, Presidente de Canacintra Tlaxcala, reconoci\u00f3 el apoyo por parte del Gobierno del Estado hacia las empresas de la entidad, lo que ha generado un clima propicio para la inversi\u00f3n que se refleja en el crecimiento industrial, econ\u00f3mico y social.<\/p>\n\n\n\n<p>Previo al evento, el Gobernador Marco Mena sostuvo una reuni\u00f3n privada con Jos\u00e9 Enoch Castellanos F\u00e9rez, Presidente Nacional de la Canacintra, donde abordaron temas relacionados con el crecimiento y desarrollo econ\u00f3mico que registra la entidad, as\u00ed como la importancia del trabajo coordinado con la iniciativa privada.<\/p>\n\n\n\n<p>Al evento asistieron Jorge Luis V\u00e1zquez Rodr\u00edguez y Eduardo Valiente Hern\u00e1ndez, secretarios de Desarrollo Econ\u00f3mico y Seguridad Ciudadana, respectivamente; Manuel Camacho Higareda, titular del Sepuede e Icatlax; Ulrich Thoma Kiwus, Presidente del Cl\u00faster Automotriz Zona Centro; Jos\u00e9 Luis Vega L\u00f3pez y Miguel \u00c1ngel Nogueira, vicepresidentes nacionales de Delegaciones y Relaciones P\u00fablicas de Canacintra, respectivamente, adem\u00e1s de Marcos del Rosario Haget, Presidente del Sector Automotriz y Autopartes de Canacintra Tlaxcala.<\/p>\n","protected":false},"excerpt":{"rendered":"<p>\u2022 El Gobernador asegur\u00f3 que Tlaxcala trabaja para atraer m\u00e1s inversiones que generan empleo formal y mejoran las condiciones de las familias.&nbsp; El Gobernador Marco Mena afirm\u00f3 que la Administraci\u00f3n Estatal trabaja para mantener las condiciones econ\u00f3micas favorables y brindar certeza a empresarios dispuestos a invertir y desarrollar negocios en la regi\u00f3n que generan empleo [&hellip;]<\/p>\n","protected":false},"author":12,"featured_media":0,"comment_status":"closed","ping_status":"open","sticky":false,"template":"","format":"standard","meta":{"om_disable_all_campaigns":false,"_monsterinsights_skip_tracking":false,"_monsterinsights_sitenote_active":false,"_monsterinsights_sitenote_note":"","_monsterinsights_sitenote_category":0,"jnews-multi-image_gallery":[],"jnews_single_post":[],"jnews_primary_category":[],"footnotes":""},"categories":[],"tags":[],"class_list":["post-55321","post","type-post","status-publish","format-standard","hentry"],"aioseo_notices":[],"_links":{"self":[{"href":"https:\/\/estado29.mx\/index.php?rest_route=\/wp\/v2\/posts\/55321","targetHints":{"allow":["GET"]}}],"collection":[{"href":"https:\/\/estado29.mx\/index.php?rest_route=\/wp\/v2\/posts"}],"about":[{"href":"https:\/\/estado29.mx\/index.php?rest_route=\/wp\/v2\/types\/post"}],"author":[{"embeddable":true,"href":"https:\/\/estado29.mx\/index.php?rest_route=\/wp\/v2\/users\/12"}],"replies":[{"embeddable":true,"href":"https:\/\/estado29.mx\/index.php?rest_route=%2Fwp%2Fv2%2Fcomments&post=55321"}],"version-history":[{"count":1,"href":"https:\/\/estado29.mx\/index.php?rest_route=\/wp\/v2\/posts\/55321\/revisions"}],"predecessor-version":[{"id":55324,"href":"https:\/\/estado29.mx\/index.php?rest_route=\/wp\/v2\/posts\/55321\/revisions\/55324"}],"wp:attachment":[{"href":"https:\/\/estado29.mx\/index.php?rest_route=%2Fwp%2Fv2%2Fmedia&parent=55321"}],"wp:term":[{"taxonomy":"category","embeddable":true,"href":"https:\/\/estado29.mx\/index.php?rest_route=%2Fwp%2Fv2%2Fcategories&post=55321"},{"taxonomy":"post_tag","embeddable":true,"href":"https:\/\/estado29.mx\/index.php?rest_route=%2Fwp%2Fv2%2Ftags&post=55321"}],"curies":[{"name":"wp","href":"https:\/\/api.w.org\/{rel}","templated":true}]}}