{"id":55330,"date":"2019-11-15T14:04:07","date_gmt":"2019-11-15T20:04:07","guid":{"rendered":"http:\/\/estado29.mx\/?p=55330"},"modified":"2019-11-15T14:04:20","modified_gmt":"2019-11-15T20:04:20","slug":"es-maribel-rodriguez-piedras-nueva-integrante-del-consejo-general-del-iaip","status":"publish","type":"post","link":"https:\/\/estado29.mx\/?p=55330","title":{"rendered":"Es Maribel Rodr\u00edguez Piedras nueva integrante del Consejo General del IAIP"},"content":{"rendered":"\n<p>Por mayor\u00eda de votos, los\nintegrantes del Congreso del Estado designaron este d\u00eda a Maribel Rodr\u00edguez\nPiedras como nueva integrante del Consejo General del Instituto de Acceso a la\nInformaci\u00f3n P\u00fablica y Protecci\u00f3n de Datos Personales del Estado de Tlaxcala\n(IAIP) para el periodo comprendido del 2 de enero del 2020 al 1 de enero del\n2027. <\/p>\n\n\n\n<p>De esa manera qued\u00f3\ncubierto el espacio que dejar\u00e1n vacante la comisionada, M\u00f3nica Cuamatzi\nHern\u00e1ndez el pr\u00f3ximo 1 de enero por conclusi\u00f3n del periodo de funciones. <\/p>\n\n\n\n<p>La designaci\u00f3n se llev\u00f3 a\ncabo este d\u00eda en sesi\u00f3n extraordinaria, en la que dieron a conocer las\ndiferentes etapas del proceso de designaci\u00f3n del pr\u00f3ximo comisionado y su respectivo\nsuplente, el cual inici\u00f3 el 30 de octubre con la emisi\u00f3n de la convocatoria. <\/p>\n\n\n\n<p>Ah\u00ed los diputados conocieron\ndel informe que entregaron los s\u00ednodos Mar\u00eda Elena Franco Salinas, Alejandro\nTorres Rogelio y Lucero Romero Mora, en donde dieron cuenta de cada una de las\netapas y el m\u00e9todo de evaluaci\u00f3n, adem\u00e1s de dar la calificaci\u00f3n promedio que\nobtuvieron los cuatro aspirantes finalistas; en esa parte la aspirante Maribel\nRodr\u00edguez Piedras obtuvo 94 puntos, seguida de Liliana Atonal Mendoza con 74\npuntos. <\/p>\n\n\n\n<p>Tras la votaci\u00f3n &nbsp;v\u00eda c\u00e9dula de cada uno de los 22 diputados presentes\nde un total de 25, la mayor\u00eda de los votos fueron para Maribel Rodr\u00edguez\nPiedras como comisionada propietaria y a Liliana Atonal Mendoza como\ncomisionada suplente, para el periodo comprendido del 2 de enero del 2020 al 1\nde enero del 2027, por lo que procedieron a tomar la protesta de ley. <\/p>\n\n\n\n<p>Despu\u00e9s, en entrevista\nMaribel Rodr\u00edguez se dijo comprometida y dispuesta a sumarse al trabajo y\nmostrar disposici\u00f3n para trabajar y aportar para hacer cumplir los derechos de\nacceso a la informaci\u00f3n, protecci\u00f3n de datos y de archivos. <\/p>\n\n\n\n<p>Cuestionada sobre su poca\nexperiencia mostrada en el tema, Rodr\u00edguez Piedras se\u00f1al\u00f3 que est\u00e1\nfamiliarizada con el acceso a la informaci\u00f3n y la protecci\u00f3n de datos\npersonales por la din\u00e1mica de sus anteriores trabajos como fue titular de la\ndirecci\u00f3n jur\u00eddica en dos ayuntamientos, as\u00ed como en su labor en la docencia. <\/p>\n","protected":false},"excerpt":{"rendered":"<p>Por mayor\u00eda de votos, los integrantes del Congreso del Estado designaron este d\u00eda a Maribel Rodr\u00edguez Piedras como nueva integrante del Consejo General del Instituto de Acceso a la Informaci\u00f3n P\u00fablica y Protecci\u00f3n de Datos Personales del Estado de Tlaxcala (IAIP) para el periodo comprendido del 2 de enero del 2020 al 1 de enero [&hellip;]<\/p>\n","protected":false},"author":31,"featured_media":0,"comment_status":"closed","ping_status":"open","sticky":false,"template":"","format":"standard","meta":{"om_disable_all_campaigns":false,"_monsterinsights_skip_tracking":false,"_monsterinsights_sitenote_active":false,"_monsterinsights_sitenote_note":"","_monsterinsights_sitenote_category":0,"jnews-multi-image_gallery":[],"jnews_single_post":[],"jnews_primary_category":[],"footnotes":""},"categories":[],"tags":[],"class_list":["post-55330","post","type-post","status-publish","format-standard","hentry"],"aioseo_notices":[],"_links":{"self":[{"href":"https:\/\/estado29.mx\/index.php?rest_route=\/wp\/v2\/posts\/55330","targetHints":{"allow":["GET"]}}],"collection":[{"href":"https:\/\/estado29.mx\/index.php?rest_route=\/wp\/v2\/posts"}],"about":[{"href":"https:\/\/estado29.mx\/index.php?rest_route=\/wp\/v2\/types\/post"}],"author":[{"embeddable":true,"href":"https:\/\/estado29.mx\/index.php?rest_route=\/wp\/v2\/users\/31"}],"replies":[{"embeddable":true,"href":"https:\/\/estado29.mx\/index.php?rest_route=%2Fwp%2Fv2%2Fcomments&post=55330"}],"version-history":[{"count":1,"href":"https:\/\/estado29.mx\/index.php?rest_route=\/wp\/v2\/posts\/55330\/revisions"}],"predecessor-version":[{"id":55334,"href":"https:\/\/estado29.mx\/index.php?rest_route=\/wp\/v2\/posts\/55330\/revisions\/55334"}],"wp:attachment":[{"href":"https:\/\/estado29.mx\/index.php?rest_route=%2Fwp%2Fv2%2Fmedia&parent=55330"}],"wp:term":[{"taxonomy":"category","embeddable":true,"href":"https:\/\/estado29.mx\/index.php?rest_route=%2Fwp%2Fv2%2Fcategories&post=55330"},{"taxonomy":"post_tag","embeddable":true,"href":"https:\/\/estado29.mx\/index.php?rest_route=%2Fwp%2Fv2%2Ftags&post=55330"}],"curies":[{"name":"wp","href":"https:\/\/api.w.org\/{rel}","templated":true}]}}