{"id":55335,"date":"2019-11-15T14:28:49","date_gmt":"2019-11-15T20:28:49","guid":{"rendered":"http:\/\/estado29.mx\/?p=55335"},"modified":"2019-11-15T14:28:57","modified_gmt":"2019-11-15T20:28:57","slug":"integra-grupo-multidisciplinario-de-la-pgje-investigacion-por-la-muerte-de-un-hombre-en-huamantla","status":"publish","type":"post","link":"https:\/\/estado29.mx\/?p=55335","title":{"rendered":"Integra grupo multidisciplinario de la PGJE investigaci\u00f3n por la muerte de un hombre en Huamantla"},"content":{"rendered":"\n<p>La Procuradur\u00eda General de Justicia del Estado (PGJE) a trav\u00e9s del equipo multidisciplinario inici\u00f3 las investigaciones correspondientes a fin de esclarecer la muerte de un hombre en el municipio de Huamantla y las lesiones por arma de fuego de dos personas m\u00e1s.<\/p>\n\n\n\n<p>Los hechos fueron reportados la madrugada del 15 de noviembre, cuando especialistas del Hospital General de Huamantla reportaron a la dependencia encargada de procurar justicia, el ingreso de una persona sin signos vitales por disparos de arma de fuego.<\/p>\n\n\n\n<p>Al contar con esta informaci\u00f3n, elementos de la Polic\u00eda de Investigaci\u00f3n acudieron al nosocomio y se hicieron acompa\u00f1ar del m\u00e9dico legista, perito en criminal\u00edstica y dem\u00e1s especialistas de la dependencia estatal, donde realizaron las diligencias pertinentes del levantamiento del cad\u00e1ver.<\/p>\n\n\n\n<p>Asimismo, los expertos recabaron informaci\u00f3n de dos personas m\u00e1s lesionadas que ingresaron al mismo hospital y que tienen relaci\u00f3n con la persona fallecida.&nbsp;<\/p>\n\n\n\n<p>Por este hecho, la dependencia comision\u00f3 a un grupo de la Polic\u00eda de Investigaci\u00f3n, a fin de que se aboque a indagar&nbsp; la forma cronol\u00f3gica de los hechos y con ello se puedan aportar datos de prueba para el caso.<\/p>\n\n\n\n<p>Con estas acciones, la Procuradur\u00eda de Tlaxcala agotar\u00e1 todos los medios legales y de investigaci\u00f3n correspondientes, a fin de esclarecer el il\u00edcito con estricto apego a derecho.<\/p>\n","protected":false},"excerpt":{"rendered":"<p>La Procuradur\u00eda General de Justicia del Estado (PGJE) a trav\u00e9s del equipo multidisciplinario inici\u00f3 las investigaciones correspondientes a fin de esclarecer la muerte de un hombre en el municipio de Huamantla y las lesiones por arma de fuego de dos personas m\u00e1s. Los hechos fueron reportados la madrugada del 15 de noviembre, cuando especialistas del [&hellip;]<\/p>\n","protected":false},"author":12,"featured_media":0,"comment_status":"closed","ping_status":"open","sticky":false,"template":"","format":"standard","meta":{"om_disable_all_campaigns":false,"_monsterinsights_skip_tracking":false,"_monsterinsights_sitenote_active":false,"_monsterinsights_sitenote_note":"","_monsterinsights_sitenote_category":0,"jnews-multi-image_gallery":[],"jnews_single_post":[],"jnews_primary_category":[],"footnotes":""},"categories":[],"tags":[],"class_list":["post-55335","post","type-post","status-publish","format-standard","hentry"],"aioseo_notices":[],"_links":{"self":[{"href":"https:\/\/estado29.mx\/index.php?rest_route=\/wp\/v2\/posts\/55335","targetHints":{"allow":["GET"]}}],"collection":[{"href":"https:\/\/estado29.mx\/index.php?rest_route=\/wp\/v2\/posts"}],"about":[{"href":"https:\/\/estado29.mx\/index.php?rest_route=\/wp\/v2\/types\/post"}],"author":[{"embeddable":true,"href":"https:\/\/estado29.mx\/index.php?rest_route=\/wp\/v2\/users\/12"}],"replies":[{"embeddable":true,"href":"https:\/\/estado29.mx\/index.php?rest_route=%2Fwp%2Fv2%2Fcomments&post=55335"}],"version-history":[{"count":1,"href":"https:\/\/estado29.mx\/index.php?rest_route=\/wp\/v2\/posts\/55335\/revisions"}],"predecessor-version":[{"id":55338,"href":"https:\/\/estado29.mx\/index.php?rest_route=\/wp\/v2\/posts\/55335\/revisions\/55338"}],"wp:attachment":[{"href":"https:\/\/estado29.mx\/index.php?rest_route=%2Fwp%2Fv2%2Fmedia&parent=55335"}],"wp:term":[{"taxonomy":"category","embeddable":true,"href":"https:\/\/estado29.mx\/index.php?rest_route=%2Fwp%2Fv2%2Fcategories&post=55335"},{"taxonomy":"post_tag","embeddable":true,"href":"https:\/\/estado29.mx\/index.php?rest_route=%2Fwp%2Fv2%2Ftags&post=55335"}],"curies":[{"name":"wp","href":"https:\/\/api.w.org\/{rel}","templated":true}]}}