{"id":55359,"date":"2019-11-18T20:26:22","date_gmt":"2019-11-19T02:26:22","guid":{"rendered":"http:\/\/estado29.mx\/?p=55359"},"modified":"2019-11-18T20:26:32","modified_gmt":"2019-11-19T02:26:32","slug":"son-prioridad-los-rubros-de-salud-y-educacion-en-la-revision-del-presupuesto-2020","status":"publish","type":"post","link":"https:\/\/estado29.mx\/?p=55359","title":{"rendered":"Son prioridad los rubros de salud y educaci\u00f3n en la revisi\u00f3n del presupuesto 2020"},"content":{"rendered":"\n<p>La presidenta de la Junta de Coordinaci\u00f3n y Concertaci\u00f3n\nPol\u00edtica (JCCP), Irma Yordana Garay Loredo inform\u00f3 que los rubros de salud,\neducaci\u00f3n e impulso econ\u00f3mico, ser\u00e1n prioritarios en el an\u00e1lisis y aprobaci\u00f3n\ndel Presupuesto de Egresos para el Ejercicio Fiscal 2020.<\/p>\n\n\n\n<p>En entrevista, coment\u00f3 que en esta &nbsp;semana iniciar\u00e1n con la revisi\u00f3n del Paquete\nEcon\u00f3mico que envi\u00f3 el titular del Poder Ejecutivo local, Marco Antonio Mena\nRodr\u00edguez el pasado viernes al Congreso del Estado, que contiene las Leyes de Ingresos\ny Egresos.<\/p>\n\n\n\n<p>Coment\u00f3 que en el an\u00e1lisis y discusi\u00f3n que corresponde a\nla C\u00e1mara local estar\u00e1n revisando algunas partidas en lo particular, que son\naquellas que ata\u00f1en de manera directa a la&nbsp;\npoblaci\u00f3n y su bienestar.<\/p>\n\n\n\n<p>La diputada del Partido del Trabajo (PT), mencion\u00f3 en ese\nsentido que \u201chemos estado muy preocupados en el sentir de los ciudadanos y de\nlos propios congresistas sobre temas b\u00e1sicos como es la salud, porque somos uno\nde los estados que estamos en el primer lugar con el peor sistema de salud a\nnivel nacional, coloc\u00e1ndonos solo despu\u00e9s de Chiapas y Oaxaca, adem\u00e1s en el\ntema de la educaci\u00f3n tambi\u00e9n se debe atender, en infraestructura ah\u00ed vamos\navanzando con las aportaciones que ha hecho el Congreso a trav\u00e9s de los&nbsp; fondos, pero debemos analizar otros temas a\nfondo\u201d.<\/p>\n\n\n\n<p>Adem\u00e1s, agreg\u00f3 el tema del desempleo y los sueldos que\nperciben los ciudadanos que son los m\u00e1s bajos, lo que \u201ctambi\u00e9n es importante\nque sigamos viendo c\u00f3mo se pueden mejorar estas cuestiones para nosotros\nimportantes\u201d.<\/p>\n\n\n\n<p>\u201cEsas ser\u00edan unas de nuestras prioridades, claro que hay\nmuchas m\u00e1s pero creo que eso ser\u00eda algo en lo que debemos puntualizar y estar\nvigilantes de que se puedan impulsar\u201d, declar\u00f3.<\/p>\n","protected":false},"excerpt":{"rendered":"<p>La presidenta de la Junta de Coordinaci\u00f3n y Concertaci\u00f3n Pol\u00edtica (JCCP), Irma Yordana Garay Loredo inform\u00f3 que los rubros de salud, educaci\u00f3n e impulso econ\u00f3mico, ser\u00e1n prioritarios en el an\u00e1lisis y aprobaci\u00f3n del Presupuesto de Egresos para el Ejercicio Fiscal 2020. En entrevista, coment\u00f3 que en esta &nbsp;semana iniciar\u00e1n con la revisi\u00f3n del Paquete Econ\u00f3mico [&hellip;]<\/p>\n","protected":false},"author":31,"featured_media":0,"comment_status":"closed","ping_status":"open","sticky":false,"template":"","format":"standard","meta":{"om_disable_all_campaigns":false,"_monsterinsights_skip_tracking":false,"_monsterinsights_sitenote_active":false,"_monsterinsights_sitenote_note":"","_monsterinsights_sitenote_category":0,"jnews-multi-image_gallery":[],"jnews_single_post":[],"jnews_primary_category":[],"footnotes":""},"categories":[],"tags":[],"class_list":["post-55359","post","type-post","status-publish","format-standard","hentry"],"aioseo_notices":[],"_links":{"self":[{"href":"https:\/\/estado29.mx\/index.php?rest_route=\/wp\/v2\/posts\/55359","targetHints":{"allow":["GET"]}}],"collection":[{"href":"https:\/\/estado29.mx\/index.php?rest_route=\/wp\/v2\/posts"}],"about":[{"href":"https:\/\/estado29.mx\/index.php?rest_route=\/wp\/v2\/types\/post"}],"author":[{"embeddable":true,"href":"https:\/\/estado29.mx\/index.php?rest_route=\/wp\/v2\/users\/31"}],"replies":[{"embeddable":true,"href":"https:\/\/estado29.mx\/index.php?rest_route=%2Fwp%2Fv2%2Fcomments&post=55359"}],"version-history":[{"count":1,"href":"https:\/\/estado29.mx\/index.php?rest_route=\/wp\/v2\/posts\/55359\/revisions"}],"predecessor-version":[{"id":55362,"href":"https:\/\/estado29.mx\/index.php?rest_route=\/wp\/v2\/posts\/55359\/revisions\/55362"}],"wp:attachment":[{"href":"https:\/\/estado29.mx\/index.php?rest_route=%2Fwp%2Fv2%2Fmedia&parent=55359"}],"wp:term":[{"taxonomy":"category","embeddable":true,"href":"https:\/\/estado29.mx\/index.php?rest_route=%2Fwp%2Fv2%2Fcategories&post=55359"},{"taxonomy":"post_tag","embeddable":true,"href":"https:\/\/estado29.mx\/index.php?rest_route=%2Fwp%2Fv2%2Ftags&post=55359"}],"curies":[{"name":"wp","href":"https:\/\/api.w.org\/{rel}","templated":true}]}}