{"id":55394,"date":"2019-11-20T07:26:15","date_gmt":"2019-11-20T13:26:15","guid":{"rendered":"http:\/\/estado29.mx\/?p=55394"},"modified":"2019-11-20T07:26:24","modified_gmt":"2019-11-20T13:26:24","slug":"presentaran-nueva-ley-de-movilidad-la-proxima-semana-en-el-congreso-adelantan-transportistas","status":"publish","type":"post","link":"https:\/\/estado29.mx\/?p=55394","title":{"rendered":"Presentar\u00e1n nueva ley de movilidad la pr\u00f3xima semana en el Congreso, adelantan transportistas"},"content":{"rendered":"\n<p>Integrantes del Frente de Transportistas del Estado de\nTlaxcala, anunciaron que ser\u00e1 el martes de la pr\u00f3xima semana cuando en el pleno\ndel Congreso del Estado se presente la nueva ley de movilidad, en la que no\nestar\u00e1n contempladas las plataformas m\u00f3viles ni los mototaxis. <\/p>\n\n\n\n<p>Para&nbsp; eso\nsostuvieron el d\u00eda de ayer una reuni\u00f3n con el presidente de la Comisi\u00f3n de\nMovilidad, Comunicaciones y Transportes del Congreso Local,&nbsp; Miguel Piedras D\u00edaz, quien adem\u00e1s coment\u00f3 que\npara la nueva legislaci\u00f3n tomar\u00e1n en cuenta la iniciativa que los propios\nconcesionarios presentaron. <\/p>\n\n\n\n<p>En entrevista al respecto los integrantes del Frente de\nTransportistas del Estado de Tlaxcala, Indalecio Saucedo S\u00e1nchez, Luis Texis\nHern\u00e1ndez, y Hugo Salado del Razo mencionaron que la nueva ley es necesaria ya\nque el c\u00f3digo actual tiene m\u00e1s de 35 a\u00f1os de vigencia lo que representa un\nrezago importante dadas las actuales condiciones del transporte p\u00fablico. <\/p>\n\n\n\n<p>Indalecio Saucedo coment\u00f3 que en el&nbsp; nuevo c\u00f3digo se tendr\u00e1 que proponer la eliminaci\u00f3n\ndel uso de plataformas m\u00f3viles como Pronto y Uber, y dejar solo ese mecanismo\nde enlace entre usuario y prestador de servicio para uso exclusivo de los\nconcesionarios de taxis; adem\u00e1s restringir y castigar la operaci\u00f3n de mototaxis\no bicitaxis los cuales -dijo- ya operan de manera ilegal en un aproximado de 20\nmunicipios.<\/p>\n\n\n\n<p>Subray\u00f3 que es urgente que los diputados locales legislen\nal respecto, ya que ese tipo de competencia ha generado una merma hasta del 50\npor ciento a los ingresos de los concesionarios y operadores del transporte\np\u00fablico.<\/p>\n\n\n\n<p>&#8220;Hoy entregamos la propuesta,&nbsp; exigimos que se lea lo m\u00e1s pronto posible,\ny&nbsp; el compromiso se da que en este a\u00f1o\nhabr\u00e1 las condiciones para contar con una reforma de ley, no estamos en contra\nde las plataformas ni de la tecnolog\u00eda pero que sean para los taxistas concesionados\nsolo hay que adaptarlas para proteger los intereses de los sectores para\ngenerar circulantes econ\u00f3micos&#8221;.<\/p>\n\n\n\n<p>Record\u00f3 Saucedo S\u00e1nchez&nbsp;\nque en Oaxaca hubo en d\u00edas pasado un enfrentamiento violento entre\ntransportista y mototaxis, que deriv\u00f3 en que el gobierno determinada la no\noperaci\u00f3n de esas unidades porque no estaban dentro del marco legal, por lo que\nhicieron responsable al Gobierno de Marco Mena si en Tlaxcala se llega a una\nsituaci\u00f3n similar.<\/p>\n","protected":false},"excerpt":{"rendered":"<p>Integrantes del Frente de Transportistas del Estado de Tlaxcala, anunciaron que ser\u00e1 el martes de la pr\u00f3xima semana cuando en el pleno del Congreso del Estado se presente la nueva ley de movilidad, en la que no estar\u00e1n contempladas las plataformas m\u00f3viles ni los mototaxis. Para&nbsp; eso sostuvieron el d\u00eda de ayer una reuni\u00f3n con [&hellip;]<\/p>\n","protected":false},"author":31,"featured_media":0,"comment_status":"closed","ping_status":"open","sticky":false,"template":"","format":"standard","meta":{"om_disable_all_campaigns":false,"_monsterinsights_skip_tracking":false,"_monsterinsights_sitenote_active":false,"_monsterinsights_sitenote_note":"","_monsterinsights_sitenote_category":0,"jnews-multi-image_gallery":[],"jnews_single_post":[],"jnews_primary_category":[],"footnotes":""},"categories":[],"tags":[],"class_list":["post-55394","post","type-post","status-publish","format-standard","hentry"],"aioseo_notices":[],"_links":{"self":[{"href":"https:\/\/estado29.mx\/index.php?rest_route=\/wp\/v2\/posts\/55394","targetHints":{"allow":["GET"]}}],"collection":[{"href":"https:\/\/estado29.mx\/index.php?rest_route=\/wp\/v2\/posts"}],"about":[{"href":"https:\/\/estado29.mx\/index.php?rest_route=\/wp\/v2\/types\/post"}],"author":[{"embeddable":true,"href":"https:\/\/estado29.mx\/index.php?rest_route=\/wp\/v2\/users\/31"}],"replies":[{"embeddable":true,"href":"https:\/\/estado29.mx\/index.php?rest_route=%2Fwp%2Fv2%2Fcomments&post=55394"}],"version-history":[{"count":1,"href":"https:\/\/estado29.mx\/index.php?rest_route=\/wp\/v2\/posts\/55394\/revisions"}],"predecessor-version":[{"id":55404,"href":"https:\/\/estado29.mx\/index.php?rest_route=\/wp\/v2\/posts\/55394\/revisions\/55404"}],"wp:attachment":[{"href":"https:\/\/estado29.mx\/index.php?rest_route=%2Fwp%2Fv2%2Fmedia&parent=55394"}],"wp:term":[{"taxonomy":"category","embeddable":true,"href":"https:\/\/estado29.mx\/index.php?rest_route=%2Fwp%2Fv2%2Fcategories&post=55394"},{"taxonomy":"post_tag","embeddable":true,"href":"https:\/\/estado29.mx\/index.php?rest_route=%2Fwp%2Fv2%2Ftags&post=55394"}],"curies":[{"name":"wp","href":"https:\/\/api.w.org\/{rel}","templated":true}]}}