{"id":55402,"date":"2019-11-20T07:27:55","date_gmt":"2019-11-20T13:27:55","guid":{"rendered":"http:\/\/estado29.mx\/?p=55402"},"modified":"2019-11-20T07:28:19","modified_gmt":"2019-11-20T13:28:19","slug":"reconoce-proteccion-civil-nacional-trabajo-de-marco-mena-en-la-materia","status":"publish","type":"post","link":"https:\/\/estado29.mx\/?p=55402","title":{"rendered":"Reconoce protecci\u00f3n civil  nacional trabajo de Marco Mena en la materia"},"content":{"rendered":"\n<p><em>\u2022 El Gobernador y David Le\u00f3n Romero, titular de la CNPC, entregaron certificaciones a titulares municipales de Protecci\u00f3n Civil.<\/em><\/p>\n\n\n\n<p>La Coordinaci\u00f3n Nacional de Protecci\u00f3n Civil (CNPC) reconoci\u00f3 el trabajo del Gobernador Marco Mena por emprender estrategias \u00fanicas en el pa\u00eds e impulsar mecanismos sin precedentes para certificar a titulares municipales de Protecci\u00f3n Civil de diversas demarcaciones del estado, con el objetivo de fortalecer la capacidad de respuesta de las corporaciones ante una contingencia.<\/p>\n\n\n\n<p>Durante la entrega de certificaciones, el Gobernador Mena afirm\u00f3 que estas acciones forman parte del esfuerzo de la Administraci\u00f3n Estatal por mejorar continuamente los trabajos preventivos en materia de Protecci\u00f3n Civil en favor de la ciudadan\u00eda y con la suma de esfuerzos de los tres niveles de gobierno.<\/p>\n\n\n\n<p>Ante David Le\u00f3n Romero, titular de la CNPC, Marco Mena explic\u00f3 que la certificaci\u00f3n que obtuvieron los directores de Protecci\u00f3n Civil por parte del Consejo Nacional de Normalizaci\u00f3n y Certificaci\u00f3n de Competencias Laborales (Conocer) brinda la posibilidad de contar con mejores herramientas para reaccionar y proteger a la poblaci\u00f3n en caso de una emergencia.<\/p>\n\n\n\n<p>Le\u00f3n Romero felicit\u00f3 al Gobierno Estatal por las acciones que impulsa en conjunto con las unidades municipales, que permitir\u00e1n construir un Tlaxcala m\u00e1s seguro y fortalecer a la Coordinaci\u00f3n Estatal y al Sistema Nacional de Protecci\u00f3n Civil.<\/p>\n\n\n\n<p>En respuesta, Marco Mena refrend\u00f3 la disposici\u00f3n y \u00e1nimo institucional del Gobierno de Tlaxcala para respaldar junto con la Federaci\u00f3n y municipios este tipo de certificaciones que garantizan la tranquilidad de las familias y permiten estar en mejores condiciones para enfrentar una contingencia.<\/p>\n\n\n\n<p>El Gobernador Marco Mena destac\u00f3 el compromiso de los ayuntamientos que recibieron su certificaci\u00f3n, por hacer que las tareas de Protecci\u00f3n Civil formen parte de la actividad municipal, con la finalidad de respaldar a la poblaci\u00f3n tlaxcalteca.<\/p>\n\n\n\n<p>En su oportunidad, el Coordinador Nacional de Protecci\u00f3n Civil subray\u00f3 que, si los dos mil 500 municipios del pa\u00eds contaran con un Consejo Municipal de Protecci\u00f3n Civil, un titular certificado, comit\u00e9s comunitarios y un atlas de riesgo como en Tlaxcala, aumentar\u00edan su capacidad de respuesta ante un desastre.<\/p>\n\n\n\n<p>El funcionario federal destac\u00f3 el esfuerzo de quienes participaron en el proceso de certificaci\u00f3n, el cual incentiva el compromiso de insertarse en un ciclo de mejora continua para tomar mejores decisiones, as\u00ed como identificar y mitigar riesgos.<\/p>\n\n\n\n<p>En tanto, Jos\u00e9 Antonio Ram\u00edrez Hern\u00e1ndez, Coordinador Estatal de Protecci\u00f3n Civil, destac\u00f3 que la dependencia estatal y los municipios lograron obtener la certificaci\u00f3n federal EC0907, EC0585 y EC0908 ante la Entidad de Certificaci\u00f3n y Evaluaci\u00f3n de Competencias Laborales Civika; adem\u00e1s, la CEPC es la primera dependencia del Gobierno Estatal en obtener la certificaci\u00f3n Acci\u00f3n con Legalidad y Prevenci\u00f3n de la Corrupci\u00f3n en la Administraci\u00f3n P\u00fablica otorgada por Conocer.<\/p>\n\n\n\n<p>Cabe se\u00f1alar que las certificaciones que se entregaron est\u00e1n relacionadas con la Elaboraci\u00f3n del Plan de Continuidad y Operaciones para Dependencias y Organizaciones; Elaboraci\u00f3n de Programas Especiales de Protecci\u00f3n Civil de Acuerdo al Riesgo y Atenci\u00f3n de Primeros Auxilios a la Persona Afectada o Lesionada.<\/p>\n\n\n\n<p>Al evento asistieron Jos\u00e9 Aar\u00f3n P\u00e9rez Carro y Eduardo Valiente Hern\u00e1ndez, secretarios de Gobierno y de Seguridad Ciudadana, respectivamente; Jos\u00e9 Antonio Aquiahuatl S\u00e1nchez, Procurador General de Justicia del Estado; el General de Brigada Diplomado de Estado Mayor, Jos\u00e9 Joaqu\u00edn Jim\u00e9nez Cueto, Comandante de la 23 Zona Militar; Mario Antonio de Jes\u00fas Jim\u00e9nez Mart\u00ednez, Magistrado Presidente del Tribunal Superior de Justicia del Estado y Anabell \u00c1valos Zempoalteca, Presidenta Municipal de Tlaxcala.<\/p>\n","protected":false},"excerpt":{"rendered":"<p>\u2022 El Gobernador y David Le\u00f3n Romero, titular de la CNPC, entregaron certificaciones a titulares municipales de Protecci\u00f3n Civil. La Coordinaci\u00f3n Nacional de Protecci\u00f3n Civil (CNPC) reconoci\u00f3 el trabajo del Gobernador Marco Mena por emprender estrategias \u00fanicas en el pa\u00eds e impulsar mecanismos sin precedentes para certificar a titulares municipales de Protecci\u00f3n Civil de diversas [&hellip;]<\/p>\n","protected":false},"author":12,"featured_media":0,"comment_status":"closed","ping_status":"open","sticky":false,"template":"","format":"standard","meta":{"om_disable_all_campaigns":false,"_monsterinsights_skip_tracking":false,"_monsterinsights_sitenote_active":false,"_monsterinsights_sitenote_note":"","_monsterinsights_sitenote_category":0,"jnews-multi-image_gallery":[],"jnews_single_post":[],"jnews_primary_category":[],"footnotes":""},"categories":[],"tags":[],"class_list":["post-55402","post","type-post","status-publish","format-standard","hentry"],"aioseo_notices":[],"_links":{"self":[{"href":"https:\/\/estado29.mx\/index.php?rest_route=\/wp\/v2\/posts\/55402","targetHints":{"allow":["GET"]}}],"collection":[{"href":"https:\/\/estado29.mx\/index.php?rest_route=\/wp\/v2\/posts"}],"about":[{"href":"https:\/\/estado29.mx\/index.php?rest_route=\/wp\/v2\/types\/post"}],"author":[{"embeddable":true,"href":"https:\/\/estado29.mx\/index.php?rest_route=\/wp\/v2\/users\/12"}],"replies":[{"embeddable":true,"href":"https:\/\/estado29.mx\/index.php?rest_route=%2Fwp%2Fv2%2Fcomments&post=55402"}],"version-history":[{"count":1,"href":"https:\/\/estado29.mx\/index.php?rest_route=\/wp\/v2\/posts\/55402\/revisions"}],"predecessor-version":[{"id":55406,"href":"https:\/\/estado29.mx\/index.php?rest_route=\/wp\/v2\/posts\/55402\/revisions\/55406"}],"wp:attachment":[{"href":"https:\/\/estado29.mx\/index.php?rest_route=%2Fwp%2Fv2%2Fmedia&parent=55402"}],"wp:term":[{"taxonomy":"category","embeddable":true,"href":"https:\/\/estado29.mx\/index.php?rest_route=%2Fwp%2Fv2%2Fcategories&post=55402"},{"taxonomy":"post_tag","embeddable":true,"href":"https:\/\/estado29.mx\/index.php?rest_route=%2Fwp%2Fv2%2Ftags&post=55402"}],"curies":[{"name":"wp","href":"https:\/\/api.w.org\/{rel}","templated":true}]}}