{"id":55407,"date":"2019-11-20T07:29:33","date_gmt":"2019-11-20T13:29:33","guid":{"rendered":"http:\/\/estado29.mx\/?p=55407"},"modified":"2019-11-20T07:29:42","modified_gmt":"2019-11-20T13:29:42","slug":"sepe-fortalece-procesos-de-formacion-y-actualizacion-a-maestros","status":"publish","type":"post","link":"https:\/\/estado29.mx\/?p=55407","title":{"rendered":"SEPE fortalece procesos de formaci\u00f3n y actualizaci\u00f3n a maestros"},"content":{"rendered":"\n<p>La Secretar\u00eda de Educaci\u00f3n P\u00fablica del Estado (SEPE) a trav\u00e9s de la Direcci\u00f3n de Evaluaci\u00f3n Educativa, el Programa para el Desarrollo Profesional Docente (Prodep) y el Instituto Tecnol\u00f3gico de Estudios Superiores de Monterrey Campus Puebla, iniciaron actividades del curso \u201cDesarrollo de Habilidades Directivas en el Sector Educativo\u201d.&nbsp;<\/p>\n\n\n\n<p>Jorge Cuatepotzo S\u00e1nchez, coordinador operativo del PRODEP, agradeci\u00f3 el respaldo del Gobernador Marco Mena y del Secretario de Educaci\u00f3n, Florentino Dom\u00ednguez Ord\u00f3\u00f1ez, por el apoyo brindado a la profesionalizaci\u00f3n que estimula el desempe\u00f1o acad\u00e9mico de los maestros y fortalece sus procesos de formaci\u00f3n y actualizaci\u00f3n.&nbsp;<\/p>\n\n\n\n<p>Este curso que integra diferentes figuras educativas, desde directores de \u00e1rea, directores de escuelas, supervisores, facilitadores y personal del Prodep, tiene como objetivo formar grupos de cuerpos acad\u00e9micos que intervengan con planes de acci\u00f3n, en escuelas con rezago educativo en algunos municipios de Tlaxcala.<\/p>\n\n\n\n<p>Su inicio fue el pasado 16 de noviembre, tendr\u00e1 una duraci\u00f3n de 60 horas con 12 sesiones continuas, y concluir\u00e1 hasta el mes de febrero de 2020.<\/p>\n\n\n\n<p>Este grupo selecto, lo integran 30 docentes con miras a participar en diferentes grupos multidisciplinarios, con la capacidad de reproducirlos a los diferentes sectores educativos, en una primera etapa trabajar\u00e1n en escuelas de San Pablo del Monte, Zitlalt\u00e9pec, Cuapiaxtla, Apizaco, entre otros.<\/p>\n\n\n\n<p>Cabe destacar que este trabajo de investigaci\u00f3n-acci\u00f3n, naci\u00f3 de un estudio preliminar por parte de la Subsecretar\u00eda de Educaci\u00f3n B\u00e1sica federal, donde identificaron los municipios y escuelas con indicadores de rezago educativo.<\/p>\n","protected":false},"excerpt":{"rendered":"<p>La Secretar\u00eda de Educaci\u00f3n P\u00fablica del Estado (SEPE) a trav\u00e9s de la Direcci\u00f3n de Evaluaci\u00f3n Educativa, el Programa para el Desarrollo Profesional Docente (Prodep) y el Instituto Tecnol\u00f3gico de Estudios Superiores de Monterrey Campus Puebla, iniciaron actividades del curso \u201cDesarrollo de Habilidades Directivas en el Sector Educativo\u201d.&nbsp; Jorge Cuatepotzo S\u00e1nchez, coordinador operativo del PRODEP, agradeci\u00f3 [&hellip;]<\/p>\n","protected":false},"author":12,"featured_media":0,"comment_status":"closed","ping_status":"open","sticky":false,"template":"","format":"standard","meta":{"om_disable_all_campaigns":false,"_monsterinsights_skip_tracking":false,"_monsterinsights_sitenote_active":false,"_monsterinsights_sitenote_note":"","_monsterinsights_sitenote_category":0,"jnews-multi-image_gallery":[],"jnews_single_post":[],"jnews_primary_category":[],"footnotes":""},"categories":[],"tags":[],"class_list":["post-55407","post","type-post","status-publish","format-standard","hentry"],"aioseo_notices":[],"_links":{"self":[{"href":"https:\/\/estado29.mx\/index.php?rest_route=\/wp\/v2\/posts\/55407","targetHints":{"allow":["GET"]}}],"collection":[{"href":"https:\/\/estado29.mx\/index.php?rest_route=\/wp\/v2\/posts"}],"about":[{"href":"https:\/\/estado29.mx\/index.php?rest_route=\/wp\/v2\/types\/post"}],"author":[{"embeddable":true,"href":"https:\/\/estado29.mx\/index.php?rest_route=\/wp\/v2\/users\/12"}],"replies":[{"embeddable":true,"href":"https:\/\/estado29.mx\/index.php?rest_route=%2Fwp%2Fv2%2Fcomments&post=55407"}],"version-history":[{"count":1,"href":"https:\/\/estado29.mx\/index.php?rest_route=\/wp\/v2\/posts\/55407\/revisions"}],"predecessor-version":[{"id":55410,"href":"https:\/\/estado29.mx\/index.php?rest_route=\/wp\/v2\/posts\/55407\/revisions\/55410"}],"wp:attachment":[{"href":"https:\/\/estado29.mx\/index.php?rest_route=%2Fwp%2Fv2%2Fmedia&parent=55407"}],"wp:term":[{"taxonomy":"category","embeddable":true,"href":"https:\/\/estado29.mx\/index.php?rest_route=%2Fwp%2Fv2%2Fcategories&post=55407"},{"taxonomy":"post_tag","embeddable":true,"href":"https:\/\/estado29.mx\/index.php?rest_route=%2Fwp%2Fv2%2Ftags&post=55407"}],"curies":[{"name":"wp","href":"https:\/\/api.w.org\/{rel}","templated":true}]}}