{"id":55428,"date":"2019-11-20T14:13:06","date_gmt":"2019-11-20T20:13:06","guid":{"rendered":"http:\/\/estado29.mx\/?p=55428"},"modified":"2019-11-20T14:13:20","modified_gmt":"2019-11-20T20:13:20","slug":"en-aniversario-de-la-revolucion-el-titular-de-la-sepe-pide-dejar-practicas-que-dividen","status":"publish","type":"post","link":"https:\/\/estado29.mx\/?p=55428","title":{"rendered":"En aniversario de la Revoluci\u00f3n el titular de la SEPE pide dejar pr\u00e1cticas que dividen"},"content":{"rendered":"\n<p>El titular de la Secretar\u00eda de Educaci\u00f3n P\u00fablica del\nEstado (SEPE), Florentino Dom\u00ednguez Ordo\u00f1ez convoc\u00f3 a los representantes de los\nPoderes Ejecutivo, Legislativo y Judicial a dejar pr\u00e1cticas de dividen y mejor\nsumar esfuerzos para garantizar el desarrollo del Estado, adem\u00e1s los llam\u00f3 a\nser protagonistas&nbsp; de la historia reciente\ny del futuro inmediato. <\/p>\n\n\n\n<p>Lo anterior, en el marco de la conmemoraci\u00f3n del 109 Aniversario\nde la Revoluci\u00f3n Mexicana, que se llev\u00f3 a cabo en la cima de las&nbsp; escalinatas de los H\u00e9roes de la Independencia\nde la capital tlaxcalteca, ah\u00ed subray\u00f3 que los cambios pol\u00edticos, econ\u00f3micos y\nsociales que enfrenta el Pa\u00eds requieren de que exista una buena relaci\u00f3n entre\nlos diferentes niveles de gobierno, incluso entre los sindicatos que coexisten\nen el estado. <\/p>\n\n\n\n<p>Coment\u00f3 que los avances que se han registrado con la implementaci\u00f3n\nde diversas acciones en el sector educativo, econ\u00f3mico, tur\u00edstico,\ntransparencia, seguridad y de asistencia social para disminuir la brecha de la\npobreza extrema han sido posibles&nbsp; por el\nliderazgo del gobernador pero tambi\u00e9n de los integrantes de su equipo de\ntrabajo en sinergia con el Poder Legislativo y el Poder Judicial. <\/p>\n\n\n\n<p>\u201cPor supuesto que en esto tambi\u00e9n va involucrada la buena\nvoluntad de los dirigentes sindicales de los diversos sindicados que coexisten\nen el estado de Tlaxcala, es muy importante que sigamos haciendo sinergia que\ndejemos pr\u00e1cticas que nos dividen y que sumemos porque estamos a\u00fan llamados a\nhacer protagonistas de la historia reciente y del futuro inmediato\u201d, sentenci\u00f3.\n<\/p>\n\n\n\n<p>Antes, record\u00f3 que la trasformaci\u00f3n democr\u00e1tica y\npol\u00edtica de M\u00e9xico a partir del inicio de la Revoluci\u00f3n Mexicana marc\u00f3 el camino\ny contin\u00faa registrando diversos movimientos en el Pa\u00eds tanto pol\u00edticos como\nsociales y econ\u00f3micos, lo que se observa con las reformas constitucionales aprobadas\nrecientemente. \n\n\u201c\u00bfQu\u00e9 aprendemos de\nla historia?, que ante las injusticias hay que organizarse, hay que luchar con\nideales, con argumentos consolidados, y no detenerse ante nada, pero lo m\u00e1s\nimportante como mexicanos y como tlaxcaltecas debemos seguir avanzando en la construcci\u00f3n\nde un estado m\u00e1s incluyente m\u00e1s equitativo y m\u00e1s pr\u00f3spero\u201d\n\n\n\n<\/p>\n","protected":false},"excerpt":{"rendered":"<p>El titular de la Secretar\u00eda de Educaci\u00f3n P\u00fablica del Estado (SEPE), Florentino Dom\u00ednguez Ordo\u00f1ez convoc\u00f3 a los representantes de los Poderes Ejecutivo, Legislativo y Judicial a dejar pr\u00e1cticas de dividen y mejor sumar esfuerzos para garantizar el desarrollo del Estado, adem\u00e1s los llam\u00f3 a ser protagonistas&nbsp; de la historia reciente y del futuro inmediato. Lo [&hellip;]<\/p>\n","protected":false},"author":31,"featured_media":0,"comment_status":"closed","ping_status":"open","sticky":false,"template":"","format":"standard","meta":{"om_disable_all_campaigns":false,"_monsterinsights_skip_tracking":false,"_monsterinsights_sitenote_active":false,"_monsterinsights_sitenote_note":"","_monsterinsights_sitenote_category":0,"jnews-multi-image_gallery":[],"jnews_single_post":[],"jnews_primary_category":[],"footnotes":""},"categories":[],"tags":[],"class_list":["post-55428","post","type-post","status-publish","format-standard","hentry"],"aioseo_notices":[],"_links":{"self":[{"href":"https:\/\/estado29.mx\/index.php?rest_route=\/wp\/v2\/posts\/55428","targetHints":{"allow":["GET"]}}],"collection":[{"href":"https:\/\/estado29.mx\/index.php?rest_route=\/wp\/v2\/posts"}],"about":[{"href":"https:\/\/estado29.mx\/index.php?rest_route=\/wp\/v2\/types\/post"}],"author":[{"embeddable":true,"href":"https:\/\/estado29.mx\/index.php?rest_route=\/wp\/v2\/users\/31"}],"replies":[{"embeddable":true,"href":"https:\/\/estado29.mx\/index.php?rest_route=%2Fwp%2Fv2%2Fcomments&post=55428"}],"version-history":[{"count":1,"href":"https:\/\/estado29.mx\/index.php?rest_route=\/wp\/v2\/posts\/55428\/revisions"}],"predecessor-version":[{"id":55431,"href":"https:\/\/estado29.mx\/index.php?rest_route=\/wp\/v2\/posts\/55428\/revisions\/55431"}],"wp:attachment":[{"href":"https:\/\/estado29.mx\/index.php?rest_route=%2Fwp%2Fv2%2Fmedia&parent=55428"}],"wp:term":[{"taxonomy":"category","embeddable":true,"href":"https:\/\/estado29.mx\/index.php?rest_route=%2Fwp%2Fv2%2Fcategories&post=55428"},{"taxonomy":"post_tag","embeddable":true,"href":"https:\/\/estado29.mx\/index.php?rest_route=%2Fwp%2Fv2%2Ftags&post=55428"}],"curies":[{"name":"wp","href":"https:\/\/api.w.org\/{rel}","templated":true}]}}