{"id":55432,"date":"2019-11-20T19:16:33","date_gmt":"2019-11-21T01:16:33","guid":{"rendered":"http:\/\/estado29.mx\/?p=55432"},"modified":"2019-11-20T19:16:43","modified_gmt":"2019-11-21T01:16:43","slug":"a-analisis-fondos-en-el-congreso-del-estado-senala-garay-loredo","status":"publish","type":"post","link":"https:\/\/estado29.mx\/?p=55432","title":{"rendered":"A an\u00e1lisis fondos en el Congreso del Estado, se\u00f1ala Garay Loredo"},"content":{"rendered":"\n<p>La presidenta de la Junta de Coordinaci\u00f3n y Concertaci\u00f3n\nPol\u00edtica (JCCP) del Congreso del Estado, Irma Yordana Garay Loredo inform\u00f3 que\nlos Fondos de Fortalecimiento de Obras y Acciones a Municipios y de Acciones para\nel Fortalecimiento al Campo ser\u00e1n sometidos a an\u00e1lisis, aunque no defini\u00f3 si\npodr\u00e1n ser cancelados. <\/p>\n\n\n\n<p>Al parecer los diputados locales est\u00e1n negados a la\ndesaparici\u00f3n en el Presupuesto de Egresos 2020, por el contrario aseguran que\nser\u00e1n sometidos a an\u00e1lisis para buscar mejoras. <\/p>\n\n\n\n<p>Sobre esos fondos, &nbsp;Irma Garay Loredo consider\u00f3 que por ser la\nprimera vez que operan esos fondos en Tlaxcala su aplicaci\u00f3n no pod\u00eda resultar\ndel todo perfecta, al respecto declar\u00f3 \u201ccreo que es la primera vez que se logra\nhacer un tema de recursos especiales para municipios, porque al final nosotros\ncomo diputados no ejecutamos los que ejecutan son los presidentes municipales,\nes la primera vez en la historia de Tlaxcala que se hace esto y creo que si es\nimportante no todo puede ser perfecto, debemos ver cu\u00e1les fueron nuestra\ndebilidades, ver en qu\u00e9 nos equivocamos y no volver a cometer los mismos\nerrores\u201d. <\/p>\n\n\n\n<p>Por eso, coment\u00f3 que la tarea de los diputados ser\u00e1\nanalizar los alcances, debilidades y oportunidades de esos dos fondos, pero de\nninguna manera se prev\u00e9 su desaparici\u00f3n en el presupuesto del pr\u00f3ximo a\u00f1o. <\/p>\n\n\n\n<p>\u201cLa tarea es analizar c\u00f3mo nos fue con el presupuesto\npasado, qu\u00e9 alcances tuvimos, hasta d\u00f3nde se benefici\u00f3 realmente a la ciudadan\u00eda,\ny hoy qu\u00e9 podemos hacer si seguimos con lo mismo, si hay que hacer algunas\nmejoras o hay que aumentar, eso depender\u00e1 del an\u00e1lisis de todos\u201d, subray\u00f3. <\/p>\n\n\n\n<p>Los dos fondos representaron una inversi\u00f3n de poco m\u00e1s de\n405 millones de pesos, que fueron destinados a obras de infraestructura urbana,\neducativa, adquisici\u00f3n de calentadores solares, entre otros; mientras que para\nel sector primario fue entregado ganado bovino, ovino, porcino, conejos,\ngallinas, que para el caso de los municipios de Texoloc y Zacualpan hubo reportes\nde animales enfermos, &nbsp;adem\u00e1s de insumos como\nfertilizantes org\u00e1nicos, semillas, herbicidas, fungicidas, que en algunos casos\nse entregaron a destiempo para el ciclo agr\u00edcola. <\/p>\n","protected":false},"excerpt":{"rendered":"<p>La presidenta de la Junta de Coordinaci\u00f3n y Concertaci\u00f3n Pol\u00edtica (JCCP) del Congreso del Estado, Irma Yordana Garay Loredo inform\u00f3 que los Fondos de Fortalecimiento de Obras y Acciones a Municipios y de Acciones para el Fortalecimiento al Campo ser\u00e1n sometidos a an\u00e1lisis, aunque no defini\u00f3 si podr\u00e1n ser cancelados. Al parecer los diputados locales [&hellip;]<\/p>\n","protected":false},"author":31,"featured_media":0,"comment_status":"closed","ping_status":"open","sticky":false,"template":"","format":"standard","meta":{"om_disable_all_campaigns":false,"_monsterinsights_skip_tracking":false,"_monsterinsights_sitenote_active":false,"_monsterinsights_sitenote_note":"","_monsterinsights_sitenote_category":0,"jnews-multi-image_gallery":[],"jnews_single_post":[],"jnews_primary_category":[],"footnotes":""},"categories":[],"tags":[],"class_list":["post-55432","post","type-post","status-publish","format-standard","hentry"],"aioseo_notices":[],"_links":{"self":[{"href":"https:\/\/estado29.mx\/index.php?rest_route=\/wp\/v2\/posts\/55432","targetHints":{"allow":["GET"]}}],"collection":[{"href":"https:\/\/estado29.mx\/index.php?rest_route=\/wp\/v2\/posts"}],"about":[{"href":"https:\/\/estado29.mx\/index.php?rest_route=\/wp\/v2\/types\/post"}],"author":[{"embeddable":true,"href":"https:\/\/estado29.mx\/index.php?rest_route=\/wp\/v2\/users\/31"}],"replies":[{"embeddable":true,"href":"https:\/\/estado29.mx\/index.php?rest_route=%2Fwp%2Fv2%2Fcomments&post=55432"}],"version-history":[{"count":1,"href":"https:\/\/estado29.mx\/index.php?rest_route=\/wp\/v2\/posts\/55432\/revisions"}],"predecessor-version":[{"id":55435,"href":"https:\/\/estado29.mx\/index.php?rest_route=\/wp\/v2\/posts\/55432\/revisions\/55435"}],"wp:attachment":[{"href":"https:\/\/estado29.mx\/index.php?rest_route=%2Fwp%2Fv2%2Fmedia&parent=55432"}],"wp:term":[{"taxonomy":"category","embeddable":true,"href":"https:\/\/estado29.mx\/index.php?rest_route=%2Fwp%2Fv2%2Fcategories&post=55432"},{"taxonomy":"post_tag","embeddable":true,"href":"https:\/\/estado29.mx\/index.php?rest_route=%2Fwp%2Fv2%2Ftags&post=55432"}],"curies":[{"name":"wp","href":"https:\/\/api.w.org\/{rel}","templated":true}]}}