{"id":55458,"date":"2019-11-21T07:43:38","date_gmt":"2019-11-21T13:43:38","guid":{"rendered":"http:\/\/estado29.mx\/?p=55458"},"modified":"2019-11-21T07:43:52","modified_gmt":"2019-11-21T13:43:52","slug":"conmemora-sesa-con-acciones-preventivas-dia-mundial-contra-la-diabetes","status":"publish","type":"post","link":"https:\/\/estado29.mx\/?p=55458","title":{"rendered":"Conmemora SESA con acciones preventivas d\u00eda mundial contra la diabetes"},"content":{"rendered":"\n<p>En el marco de la celebraci\u00f3n del \u201cD\u00eda Mundial contra la Diabetes\u201d, la Unidad de Especialidades M\u00e9dicas en Enfermedades Cr\u00f3nicas (Uneme-EC) de la Secretar\u00eda de Salud (SESA) llev\u00f3 a cabo una serie de actividades informativas para difundir las causas, s\u00edntomas, complicaciones y tratamiento de esta enfermedad, con el objetivo de sensibilizar a la poblaci\u00f3n sobre la importancia de la prevenci\u00f3n.<\/p>\n\n\n\n<p>Saira D\u00edaz P\u00e9rez, Directora de la Uneme-EC, explic\u00f3 que la diabetes es una enfermedad que se presenta cuando el nivel de glucosa en la sangre es demasiado alto y se caracteriza por alteraciones en la producci\u00f3n o secreci\u00f3n de insulina, hormona que se usa como energ\u00eda.<\/p>\n\n\n\n<p>D\u00edaz P\u00e9rez abund\u00f3 que el paciente puede adoptar medidas para controlar la enfermedad como: mantener su plan alimenticio, realizar actividad f\u00edsica, tomar sus medicamentos, llevar el control de los niveles de glucosa en sangre, presi\u00f3n arterial y colesterol, revisar diariamente sus pies para ver si no hay cortaduras, ampollas o hinchaz\u00f3n, cepillarse los dientes y usar hilo dental todos los d\u00edas.<\/p>\n\n\n\n<p>La funcionaria estatal indic\u00f3 que en la Uneme-EC se ofrecen servicios de control metab\u00f3lico, prescripci\u00f3n de actividad f\u00edsica, estimaci\u00f3n de riesgo cardiovascular, toma de estudios de gabinete, evaluaci\u00f3n antropom\u00e9trica, dise\u00f1o de plan alimenticio individualizado, talleres de cocina y pl\u00e1ticas, as\u00ed como psicoterapia encaminada a la adherencia para el tratamiento y se trabaja con la red familiar.<\/p>\n\n\n\n<p>Ante la presencia de s\u00edntomas como sed intensa, aumento de la frecuencia urinaria, incremento anormal de las ganas de comer y p\u00e9rdida de peso sin raz\u00f3n aparente, la Secretar\u00eda de Salud recomienda a la poblaci\u00f3n tlaxcalteca acudir a la unidad de salud m\u00e1s cercana a recibir atenci\u00f3n, ya que \u00e9stos son los principales s\u00edntomas de la diabetes.<\/p>\n\n\n\n<p>Cabe mencionar que como parte de la conmemoraci\u00f3n del \u201cD\u00eda Mundial contra la Diabetes\u201d, la Uneme-EC entreg\u00f3 reconocimientos a pacientes con mejor control metab\u00f3lico, tambi\u00e9n realiz\u00f3 pl\u00e1ticas informativas y una muestra gastron\u00f3mica.<\/p>\n","protected":false},"excerpt":{"rendered":"<p>En el marco de la celebraci\u00f3n del \u201cD\u00eda Mundial contra la Diabetes\u201d, la Unidad de Especialidades M\u00e9dicas en Enfermedades Cr\u00f3nicas (Uneme-EC) de la Secretar\u00eda de Salud (SESA) llev\u00f3 a cabo una serie de actividades informativas para difundir las causas, s\u00edntomas, complicaciones y tratamiento de esta enfermedad, con el objetivo de sensibilizar a la poblaci\u00f3n sobre [&hellip;]<\/p>\n","protected":false},"author":12,"featured_media":0,"comment_status":"closed","ping_status":"open","sticky":false,"template":"","format":"standard","meta":{"om_disable_all_campaigns":false,"_monsterinsights_skip_tracking":false,"_monsterinsights_sitenote_active":false,"_monsterinsights_sitenote_note":"","_monsterinsights_sitenote_category":0,"jnews-multi-image_gallery":[],"jnews_single_post":[],"jnews_primary_category":[],"footnotes":""},"categories":[],"tags":[],"class_list":["post-55458","post","type-post","status-publish","format-standard","hentry"],"aioseo_notices":[],"_links":{"self":[{"href":"https:\/\/estado29.mx\/index.php?rest_route=\/wp\/v2\/posts\/55458","targetHints":{"allow":["GET"]}}],"collection":[{"href":"https:\/\/estado29.mx\/index.php?rest_route=\/wp\/v2\/posts"}],"about":[{"href":"https:\/\/estado29.mx\/index.php?rest_route=\/wp\/v2\/types\/post"}],"author":[{"embeddable":true,"href":"https:\/\/estado29.mx\/index.php?rest_route=\/wp\/v2\/users\/12"}],"replies":[{"embeddable":true,"href":"https:\/\/estado29.mx\/index.php?rest_route=%2Fwp%2Fv2%2Fcomments&post=55458"}],"version-history":[{"count":1,"href":"https:\/\/estado29.mx\/index.php?rest_route=\/wp\/v2\/posts\/55458\/revisions"}],"predecessor-version":[{"id":55461,"href":"https:\/\/estado29.mx\/index.php?rest_route=\/wp\/v2\/posts\/55458\/revisions\/55461"}],"wp:attachment":[{"href":"https:\/\/estado29.mx\/index.php?rest_route=%2Fwp%2Fv2%2Fmedia&parent=55458"}],"wp:term":[{"taxonomy":"category","embeddable":true,"href":"https:\/\/estado29.mx\/index.php?rest_route=%2Fwp%2Fv2%2Fcategories&post=55458"},{"taxonomy":"post_tag","embeddable":true,"href":"https:\/\/estado29.mx\/index.php?rest_route=%2Fwp%2Fv2%2Ftags&post=55458"}],"curies":[{"name":"wp","href":"https:\/\/api.w.org\/{rel}","templated":true}]}}