{"id":55462,"date":"2019-11-21T07:45:09","date_gmt":"2019-11-21T13:45:09","guid":{"rendered":"http:\/\/estado29.mx\/?p=55462"},"modified":"2019-11-21T07:45:27","modified_gmt":"2019-11-21T13:45:27","slug":"encabeza-marco-mena-ceremonia-de-ascensos-y-condecoraciones-de-la-23-zona-militar","status":"publish","type":"post","link":"https:\/\/estado29.mx\/?p=55462","title":{"rendered":"Encabeza Marco Mena ceremonia de ascensos y condecoraciones de la 23 zona militar"},"content":{"rendered":"\n<p>El Gobernador Marco Mena, acompa\u00f1ado por el General de Brigada Diplomado de Estado Mayor, Jos\u00e9 Joaqu\u00edn Jim\u00e9nez Cueto, Comandante de la 23 Zona Militar, encabez\u00f3 la Ceremonia de Ascensos y Condecoraciones de Perseverancia 2019 a elementos castrenses.<\/p>\n\n\n\n<p>En el marco de la celebraci\u00f3n del 109 Aniversario del inicio de la Revoluci\u00f3n Mexicana, el Gobernador Mena y el Comandante de la 23 Zona Militar realizaron la imposici\u00f3n de insignias a militares que obtuvieron resultados satisfactorios en la promoci\u00f3n 2019, haci\u00e9ndose acreedores al grado inmediato superior; de igual forma, entregaron las condecoraciones a elementos por a\u00f1os de servicio.<\/p>\n\n\n\n<p>Finalmente, el Gobernador Marco Mena y las autoridades militares presenciaron un desfile de honor por parte de los elementos de la 23 Zona Militar.<\/p>\n","protected":false},"excerpt":{"rendered":"<p>El Gobernador Marco Mena, acompa\u00f1ado por el General de Brigada Diplomado de Estado Mayor, Jos\u00e9 Joaqu\u00edn Jim\u00e9nez Cueto, Comandante de la 23 Zona Militar, encabez\u00f3 la Ceremonia de Ascensos y Condecoraciones de Perseverancia 2019 a elementos castrenses. En el marco de la celebraci\u00f3n del 109 Aniversario del inicio de la Revoluci\u00f3n Mexicana, el Gobernador Mena [&hellip;]<\/p>\n","protected":false},"author":12,"featured_media":0,"comment_status":"closed","ping_status":"open","sticky":false,"template":"","format":"standard","meta":{"om_disable_all_campaigns":false,"_monsterinsights_skip_tracking":false,"_monsterinsights_sitenote_active":false,"_monsterinsights_sitenote_note":"","_monsterinsights_sitenote_category":0,"jnews-multi-image_gallery":[],"jnews_single_post":[],"jnews_primary_category":[],"footnotes":""},"categories":[],"tags":[],"class_list":["post-55462","post","type-post","status-publish","format-standard","hentry"],"aioseo_notices":[],"_links":{"self":[{"href":"https:\/\/estado29.mx\/index.php?rest_route=\/wp\/v2\/posts\/55462","targetHints":{"allow":["GET"]}}],"collection":[{"href":"https:\/\/estado29.mx\/index.php?rest_route=\/wp\/v2\/posts"}],"about":[{"href":"https:\/\/estado29.mx\/index.php?rest_route=\/wp\/v2\/types\/post"}],"author":[{"embeddable":true,"href":"https:\/\/estado29.mx\/index.php?rest_route=\/wp\/v2\/users\/12"}],"replies":[{"embeddable":true,"href":"https:\/\/estado29.mx\/index.php?rest_route=%2Fwp%2Fv2%2Fcomments&post=55462"}],"version-history":[{"count":1,"href":"https:\/\/estado29.mx\/index.php?rest_route=\/wp\/v2\/posts\/55462\/revisions"}],"predecessor-version":[{"id":55465,"href":"https:\/\/estado29.mx\/index.php?rest_route=\/wp\/v2\/posts\/55462\/revisions\/55465"}],"wp:attachment":[{"href":"https:\/\/estado29.mx\/index.php?rest_route=%2Fwp%2Fv2%2Fmedia&parent=55462"}],"wp:term":[{"taxonomy":"category","embeddable":true,"href":"https:\/\/estado29.mx\/index.php?rest_route=%2Fwp%2Fv2%2Fcategories&post=55462"},{"taxonomy":"post_tag","embeddable":true,"href":"https:\/\/estado29.mx\/index.php?rest_route=%2Fwp%2Fv2%2Ftags&post=55462"}],"curies":[{"name":"wp","href":"https:\/\/api.w.org\/{rel}","templated":true}]}}