{"id":55478,"date":"2019-11-21T13:02:44","date_gmt":"2019-11-21T19:02:44","guid":{"rendered":"http:\/\/estado29.mx\/?p=55478"},"modified":"2019-11-21T13:02:55","modified_gmt":"2019-11-21T19:02:55","slug":"inicia-lorena-cuellar-entrega-de-recursos-de-la-escuela-es-nuestra-en-tlaxcala","status":"publish","type":"post","link":"https:\/\/estado29.mx\/?p=55478","title":{"rendered":"Inicia Lorena Cu\u00e9llar entrega de recursos de La Escuela es Nuestra en Tlaxcala"},"content":{"rendered":"\n<p><em>Tambi\u00e9n tom\u00f3 protesta a los comit\u00e9s escolares de administraci\u00f3n participativa.<\/em><\/p>\n\n\n\n<p>La delegada de programas\nintegrales de desarrollo, Lorena Cu\u00e9llar Cisneros, inici\u00f3 con la entrega de los\nrecursos a las escuelas que fueron seleccionadas para entrar al Programa La\nEscuela es Nuestra, que este a\u00f1o se otorgar\u00e1n&nbsp;\na 15 instituciones educativas por un monto de 4 millones 50 mil pesos.<\/p>\n\n\n\n<p>En el preescolar ind\u00edgena \u201c\nDionisio Conde Mu\u00f1oz\u201d&nbsp; de la comunidad de\nLa Luz del municipio de Contla, Cu\u00e9llar Cisneros tambi\u00e9n tom\u00f3 protesta a los\npadres de familia y ciudadanos que integran los comit\u00e9s escolares de\nadministraci\u00f3n participativa, quienes son los encargados de administrar los\nrecursos p\u00fablicos provenientes del Gobierno de M\u00e9xico.<\/p>\n\n\n\n<p>Ante padres de familia y alumnos,\nla funcionaria federal enfatiz\u00f3 que los recursos entregados a los propios\npadres de familia, servir\u00e1n para aterrizar proyectos, dar mantenimiento a la\nescuela, equipar y pagar los gastos de la instituci\u00f3n.<\/p>\n\n\n\n<p>Indic\u00f3 que los padres de dicho\ncentro educativo decidieron aplicar los 150 mil pesos que recibieron para la\nconstrucci\u00f3n de un comedor para los peque\u00f1os, con el objetivo de subsanar la\nfalta de ese espacio.<\/p>\n\n\n\n<p>Adem\u00e1s, Cu\u00e9llar Cisneros inform\u00f3\na los ciudadanos presentes, que en Contla existen dos Centros Integradores que\ntienen el objetivo de acercar los servicios de las instituciones p\u00fablicas a los\npobladores.<\/p>\n\n\n\n<p>Durante el inicio de esta entrega\nde recursos del&nbsp; programa&nbsp; La Escuela es Nuestra en el estado, se\nrecorrieron los preescolares ind\u00edgenas, \u201cXichotzinco&#8221;, \u201cMar\u00eda Luisa Casta\u00f1eda\u201d\ny \u201cCuahutemoc\u201d,de las comunidades de Ixtlahuaca, San Felipe Cuauhtencos y&nbsp; Santa Mar\u00eda Aquiahuac repectivamente,\npertenecientes al municipio de Contla de Juan Cuamatzi.<\/p>\n\n\n\n<p>Cabe mencionar que en este\narranque del programa La Escuela es Nuestra en el estado se priorizaron\ninstituciones ubicadas en municipios de alta marginaci\u00f3n, entre los que se\nencuentra&nbsp; Conafes y Centros educativos\nid\u00edgenas.<\/p>\n\n\n\n<p>Finalmente el presidente\nmunicipal Miguel Mu\u00f1oz Reyes, destac\u00f3 el trabajo de la coordinadora de\nprogramas integrales y agradeci\u00f3 el apoyo a la educaci\u00f3n principalmente\ntome&nbsp; a las instituciones ind\u00edgenas de\nContla.<\/p>\n","protected":false},"excerpt":{"rendered":"<p>Tambi\u00e9n tom\u00f3 protesta a los comit\u00e9s escolares de administraci\u00f3n participativa. La delegada de programas integrales de desarrollo, Lorena Cu\u00e9llar Cisneros, inici\u00f3 con la entrega de los recursos a las escuelas que fueron seleccionadas para entrar al Programa La Escuela es Nuestra, que este a\u00f1o se otorgar\u00e1n&nbsp; a 15 instituciones educativas por un monto de 4 [&hellip;]<\/p>\n","protected":false},"author":12,"featured_media":0,"comment_status":"closed","ping_status":"open","sticky":false,"template":"","format":"standard","meta":{"om_disable_all_campaigns":false,"_monsterinsights_skip_tracking":false,"_monsterinsights_sitenote_active":false,"_monsterinsights_sitenote_note":"","_monsterinsights_sitenote_category":0,"jnews-multi-image_gallery":[],"jnews_single_post":[],"jnews_primary_category":[],"footnotes":""},"categories":[],"tags":[],"class_list":["post-55478","post","type-post","status-publish","format-standard","hentry"],"aioseo_notices":[],"_links":{"self":[{"href":"https:\/\/estado29.mx\/index.php?rest_route=\/wp\/v2\/posts\/55478","targetHints":{"allow":["GET"]}}],"collection":[{"href":"https:\/\/estado29.mx\/index.php?rest_route=\/wp\/v2\/posts"}],"about":[{"href":"https:\/\/estado29.mx\/index.php?rest_route=\/wp\/v2\/types\/post"}],"author":[{"embeddable":true,"href":"https:\/\/estado29.mx\/index.php?rest_route=\/wp\/v2\/users\/12"}],"replies":[{"embeddable":true,"href":"https:\/\/estado29.mx\/index.php?rest_route=%2Fwp%2Fv2%2Fcomments&post=55478"}],"version-history":[{"count":1,"href":"https:\/\/estado29.mx\/index.php?rest_route=\/wp\/v2\/posts\/55478\/revisions"}],"predecessor-version":[{"id":55481,"href":"https:\/\/estado29.mx\/index.php?rest_route=\/wp\/v2\/posts\/55478\/revisions\/55481"}],"wp:attachment":[{"href":"https:\/\/estado29.mx\/index.php?rest_route=%2Fwp%2Fv2%2Fmedia&parent=55478"}],"wp:term":[{"taxonomy":"category","embeddable":true,"href":"https:\/\/estado29.mx\/index.php?rest_route=%2Fwp%2Fv2%2Fcategories&post=55478"},{"taxonomy":"post_tag","embeddable":true,"href":"https:\/\/estado29.mx\/index.php?rest_route=%2Fwp%2Fv2%2Ftags&post=55478"}],"curies":[{"name":"wp","href":"https:\/\/api.w.org\/{rel}","templated":true}]}}