{"id":55494,"date":"2019-11-21T13:31:15","date_gmt":"2019-11-21T19:31:15","guid":{"rendered":"http:\/\/estado29.mx\/?p=55494"},"modified":"2019-11-21T13:31:23","modified_gmt":"2019-11-21T19:31:23","slug":"impulsa-sepe-cultura-de-paz-y-convivencia-escolar","status":"publish","type":"post","link":"https:\/\/estado29.mx\/?p=55494","title":{"rendered":"Impulsa SEPE cultura de paz y convivencia escolar"},"content":{"rendered":"\n<p>Con la finalidad de impulsar la cultura de paz y convivencia pac\u00edfica entre la comunidad escolar, la Secretar\u00eda de Educaci\u00f3n P\u00fablica del Estado (SEPE) inici\u00f3 la estrategia de capacitaci\u00f3n a jefes de sector, supervisores, asesores t\u00e9cnicos, directores y docentes de educaci\u00f3n b\u00e1sica.<\/p>\n\n\n\n<p>Antonio Arenas Corona, Coordinador del Programa de Convivencia Escolar, resalt\u00f3 el inter\u00e9s del Secretario de Educaci\u00f3n, Florentino Dom\u00ednguez Ord\u00f3\u00f1ez, por implementar este tipo de actividades que favorecen la participaci\u00f3n de la familia y comunidad escolar en favor de la armon\u00eda en los planteles.<\/p>\n\n\n\n<p>En una primera etapa, la SEPE inici\u00f3 con la capacitaci\u00f3n de 130 figuras educativas de los niveles de preescolar y educaci\u00f3n especial, y la meta es sumar un total de 435 docentes de primaria y secundaria.<\/p>\n\n\n\n<p>A trav\u00e9s de estos cursos-talleres se promueve el fortalecimiento en el desarrollo de competencias socioemocionales, la igualdad de g\u00e9nero, la atenci\u00f3n a la violencia mediante la aplicaci\u00f3n de diferentes protocolos para prevenir, detectar y actuar en casos de abuso infantil.<\/p>\n\n\n\n<p>Adem\u00e1s de prevenir el acoso escolar y maltrato en las 832 escuelas de educaci\u00f3n b\u00e1sica incorporadas al Programa Nacional de Convivencia Escolar.<\/p>\n\n\n\n<p>En esta ocasi\u00f3n, las figuras educativas abordaron temas espec\u00edficos relacionados con la cultura de paz, derechos humanos y convivencia escolar, a trav\u00e9s del curso-taller \u201cLa importancia de Desarrollar Habilidades Socioemocionales en Ni\u00f1as, Ni\u00f1os y Adolescentes; y el papel del docente como facilitador, para construir desde la escuela una Cultura de Paz\u201d.<\/p>\n\n\n\n<p>Durante el inicio de la estrategia, se cont\u00f3 con la participaci\u00f3n de Rub\u00e9n Arvizu Arredondo, Director del Instituto de Investigaciones de la Comisi\u00f3n Estatal de Derechos Humanos y Juan Felipe Rodr\u00edguez S\u00e1nchez, titular del Centro de Mediaci\u00f3n y Conciliaci\u00f3n Privado de Zacatelco.<\/p>\n","protected":false},"excerpt":{"rendered":"<p>Con la finalidad de impulsar la cultura de paz y convivencia pac\u00edfica entre la comunidad escolar, la Secretar\u00eda de Educaci\u00f3n P\u00fablica del Estado (SEPE) inici\u00f3 la estrategia de capacitaci\u00f3n a jefes de sector, supervisores, asesores t\u00e9cnicos, directores y docentes de educaci\u00f3n b\u00e1sica. Antonio Arenas Corona, Coordinador del Programa de Convivencia Escolar, resalt\u00f3 el inter\u00e9s del [&hellip;]<\/p>\n","protected":false},"author":12,"featured_media":0,"comment_status":"closed","ping_status":"open","sticky":false,"template":"","format":"standard","meta":{"om_disable_all_campaigns":false,"_monsterinsights_skip_tracking":false,"_monsterinsights_sitenote_active":false,"_monsterinsights_sitenote_note":"","_monsterinsights_sitenote_category":0,"jnews-multi-image_gallery":[],"jnews_single_post":[],"jnews_primary_category":[],"footnotes":""},"categories":[],"tags":[],"class_list":["post-55494","post","type-post","status-publish","format-standard","hentry"],"aioseo_notices":[],"_links":{"self":[{"href":"https:\/\/estado29.mx\/index.php?rest_route=\/wp\/v2\/posts\/55494","targetHints":{"allow":["GET"]}}],"collection":[{"href":"https:\/\/estado29.mx\/index.php?rest_route=\/wp\/v2\/posts"}],"about":[{"href":"https:\/\/estado29.mx\/index.php?rest_route=\/wp\/v2\/types\/post"}],"author":[{"embeddable":true,"href":"https:\/\/estado29.mx\/index.php?rest_route=\/wp\/v2\/users\/12"}],"replies":[{"embeddable":true,"href":"https:\/\/estado29.mx\/index.php?rest_route=%2Fwp%2Fv2%2Fcomments&post=55494"}],"version-history":[{"count":1,"href":"https:\/\/estado29.mx\/index.php?rest_route=\/wp\/v2\/posts\/55494\/revisions"}],"predecessor-version":[{"id":55497,"href":"https:\/\/estado29.mx\/index.php?rest_route=\/wp\/v2\/posts\/55494\/revisions\/55497"}],"wp:attachment":[{"href":"https:\/\/estado29.mx\/index.php?rest_route=%2Fwp%2Fv2%2Fmedia&parent=55494"}],"wp:term":[{"taxonomy":"category","embeddable":true,"href":"https:\/\/estado29.mx\/index.php?rest_route=%2Fwp%2Fv2%2Fcategories&post=55494"},{"taxonomy":"post_tag","embeddable":true,"href":"https:\/\/estado29.mx\/index.php?rest_route=%2Fwp%2Fv2%2Ftags&post=55494"}],"curies":[{"name":"wp","href":"https:\/\/api.w.org\/{rel}","templated":true}]}}