{"id":55498,"date":"2019-11-21T13:57:44","date_gmt":"2019-11-21T19:57:44","guid":{"rendered":"http:\/\/estado29.mx\/?p=55498"},"modified":"2019-11-21T13:57:53","modified_gmt":"2019-11-21T19:57:53","slug":"firma-cedh-convenio-con-organizacion-civil-nacional-a-favor-de-la-mujer","status":"publish","type":"post","link":"https:\/\/estado29.mx\/?p=55498","title":{"rendered":"Firma CEDH convenio con organizaci\u00f3n civil nacional a favor de la mujer"},"content":{"rendered":"\n<p>Con\nel objetivo de fortalecer trabajos en materia de Derechos Humanos y\nempoderamiento de la mujer, la Comisi\u00f3n Estatal de Derechos Humanos, firma\nconvenio de colaboraci\u00f3n con la Red Mexicana de Mujeres con Coraz\u00f3n.<\/p>\n\n\n\n<p>Este\ncompromiso adquirido, buscar\u00e1 emprender trabajos coordinados en materia de derechos\nhumanos que vayan dirigidos a mujeres tlaxcaltecas, en capacitaciones,\ntalleres, cursos, adem\u00e1s en el desarrollo de programas, que les permitan un\nempoderamiento.<\/p>\n\n\n\n<p>Antes\nde la firma del convenio, el presidente de la Comisi\u00f3n Estatal de Derechos\nHumanos, V\u00edctor Manuel Cid del Prado Pineda, agradeci\u00f3 a la organizaci\u00f3n el\nesfuerzo que est\u00e1n realizando con la CEDH, para llevar actividades y acciones\nque fortalezcan el desarrollo de la mujer tlaxcalteca.<\/p>\n\n\n\n<p>Refiri\u00f3\nque representa la oportunidad de contar con un aliado m\u00e1s de mujeres valientes\nque suman voluntades y esfuerzos, como muchas otras organizaciones que se han\nincluido al trabajo de la comisi\u00f3n estatal.<\/p>\n\n\n\n<p>Por\nsu parte, la Presidenta Nacional de la Red, Coraz\u00f3n del Carmen Ram\u00edrez Lara,\nse\u00f1al\u00f3 que se ha convertido en defensora de los derechos humanos no solo de la\nmujer, si no de la propia Comisi\u00f3n, pues reconoci\u00f3 las acciones de cercan\u00eda que\ntiene con las personas que les son vulnerados sus Derechos, de su atenci\u00f3n y\npreocupaci\u00f3n, por ello, como Asociaci\u00f3n Civil vamos a trabajar conjuntamente.<\/p>\n\n\n\n<p>En\nesta firma de convenio fungieron como testigos de honor, Mayra L\u00f3pez Lara\nConsejera de la Comisi\u00f3n, as\u00ed como Delfina Mart\u00ednez Gonz\u00e1lez, Delegada de la\nRed Mexicana de Mujeres en el estado, Directivos y personal administrativo del\nOrganismo Aut\u00f3nomo\u2026\n<\/p>\n","protected":false},"excerpt":{"rendered":"<p>Con el objetivo de fortalecer trabajos en materia de Derechos Humanos y empoderamiento de la mujer, la Comisi\u00f3n Estatal de Derechos Humanos, firma convenio de colaboraci\u00f3n con la Red Mexicana de Mujeres con Coraz\u00f3n. Este compromiso adquirido, buscar\u00e1 emprender trabajos coordinados en materia de derechos humanos que vayan dirigidos a mujeres tlaxcaltecas, en capacitaciones, talleres, [&hellip;]<\/p>\n","protected":false},"author":12,"featured_media":0,"comment_status":"closed","ping_status":"open","sticky":false,"template":"","format":"standard","meta":{"om_disable_all_campaigns":false,"_monsterinsights_skip_tracking":false,"_monsterinsights_sitenote_active":false,"_monsterinsights_sitenote_note":"","_monsterinsights_sitenote_category":0,"jnews-multi-image_gallery":[],"jnews_single_post":[],"jnews_primary_category":[],"footnotes":""},"categories":[],"tags":[],"class_list":["post-55498","post","type-post","status-publish","format-standard","hentry"],"aioseo_notices":[],"_links":{"self":[{"href":"https:\/\/estado29.mx\/index.php?rest_route=\/wp\/v2\/posts\/55498","targetHints":{"allow":["GET"]}}],"collection":[{"href":"https:\/\/estado29.mx\/index.php?rest_route=\/wp\/v2\/posts"}],"about":[{"href":"https:\/\/estado29.mx\/index.php?rest_route=\/wp\/v2\/types\/post"}],"author":[{"embeddable":true,"href":"https:\/\/estado29.mx\/index.php?rest_route=\/wp\/v2\/users\/12"}],"replies":[{"embeddable":true,"href":"https:\/\/estado29.mx\/index.php?rest_route=%2Fwp%2Fv2%2Fcomments&post=55498"}],"version-history":[{"count":1,"href":"https:\/\/estado29.mx\/index.php?rest_route=\/wp\/v2\/posts\/55498\/revisions"}],"predecessor-version":[{"id":55501,"href":"https:\/\/estado29.mx\/index.php?rest_route=\/wp\/v2\/posts\/55498\/revisions\/55501"}],"wp:attachment":[{"href":"https:\/\/estado29.mx\/index.php?rest_route=%2Fwp%2Fv2%2Fmedia&parent=55498"}],"wp:term":[{"taxonomy":"category","embeddable":true,"href":"https:\/\/estado29.mx\/index.php?rest_route=%2Fwp%2Fv2%2Fcategories&post=55498"},{"taxonomy":"post_tag","embeddable":true,"href":"https:\/\/estado29.mx\/index.php?rest_route=%2Fwp%2Fv2%2Ftags&post=55498"}],"curies":[{"name":"wp","href":"https:\/\/api.w.org\/{rel}","templated":true}]}}