{"id":55502,"date":"2019-11-21T14:43:19","date_gmt":"2019-11-21T20:43:19","guid":{"rendered":"http:\/\/estado29.mx\/?p=55502"},"modified":"2019-11-21T14:43:30","modified_gmt":"2019-11-21T20:43:30","slug":"dejaran-de-recibir-beca-benito-juarez-unos-7-mil-jovenes-de-preparatoria","status":"publish","type":"post","link":"https:\/\/estado29.mx\/?p=55502","title":{"rendered":"Dejar\u00e1n de recibir Beca Benito Ju\u00e1rez unos 7 mil j\u00f3venes de preparatoria"},"content":{"rendered":"\n<p>El Coordinador Estatal de Becas \u201cBenito Ju\u00e1rez\u201d, Homero\nMeneses Hern\u00e1ndez inform\u00f3 que alrededor de 7 mil estudiantes de educaci\u00f3n medio\nsuperior, no recibir\u00e1n los apoyos de la Beca \u201cBenito Ju\u00e1rez\u201d, correspondiente a\nlos \u00faltimos cuatro meses del a\u00f1o, debido a que existe una insuficiencia\npresupuestal. <\/p>\n\n\n\n<p>Adem\u00e1s, porque el Gobierno Federal ha determinado darle\nprioridad a las instituciones con mayor grado de pobreza extrema o zonas con\nalto grado de marginaci\u00f3n.<\/p>\n\n\n\n<p>Incluso, indic\u00f3 que esos dos bimestres no ser\u00e1n\nretribuidos m\u00e1s adelante, ya que en el programa de becas no hay retroactividad,\nes decir que esos 7 mil j\u00f3venes ya no recibir\u00e1n ese apoyo correspondiente a los\nmeses de septiembre, octubre, noviembre y diciembre; para el arranque del\npr\u00f3ximo a\u00f1o se reanudar\u00e1 el programa en los 106 planteles instalados en la\nentidad.<\/p>\n\n\n\n<p>Al respecto, detall\u00f3 que de inicio en la entidad\nsuperaron la meta del n\u00famero de beneficiarios y de los recursos financieros, ya\nque para Tlaxcala se estim\u00f3 49 mil estudiantes beneficiados, pero se\nconsiguieron un total de 50 mil 510 estudiantes.<\/p>\n\n\n\n<p>Refiri\u00f3 que las instituciones afectadas con este recorte,\nson nueve planteles ubicados en los municipios de Tlaxcala, Apetatitl\u00e1n,\nTotolac, Yauhquemehcan y Xicohtzinco, mientras que las instituciones a las que\nles dar\u00e1n prioridad ser\u00e1n a los que se encuentran en lugares alejados, y que\nson bachilleratos industriales y de servicios con clave estatal.<\/p>\n\n\n\n<p>Detall\u00f3 que si bien existe falta de recursos debido a que\nse rebas\u00f3 la meta, pero se dijo seguro en que para el a\u00f1o siguiente se\nconsideren los recursos en el Presupuesto Federal a fin de cumplir con la\ntotalidad de los inscritos; adem\u00e1s se estima que unos 17 mil estudiantes de\nentre 15 y 18 a\u00f1os no cursan el nivel preparatoria, de manera que tambi\u00e9n\nhabr\u00e1n de integrar a este grupo de j\u00f3venes a m\u00e1s tardar en el a\u00f1o 2024.<\/p>\n","protected":false},"excerpt":{"rendered":"<p>El Coordinador Estatal de Becas \u201cBenito Ju\u00e1rez\u201d, Homero Meneses Hern\u00e1ndez inform\u00f3 que alrededor de 7 mil estudiantes de educaci\u00f3n medio superior, no recibir\u00e1n los apoyos de la Beca \u201cBenito Ju\u00e1rez\u201d, correspondiente a los \u00faltimos cuatro meses del a\u00f1o, debido a que existe una insuficiencia presupuestal. Adem\u00e1s, porque el Gobierno Federal ha determinado darle prioridad a [&hellip;]<\/p>\n","protected":false},"author":31,"featured_media":0,"comment_status":"closed","ping_status":"open","sticky":false,"template":"","format":"standard","meta":{"om_disable_all_campaigns":false,"_monsterinsights_skip_tracking":false,"_monsterinsights_sitenote_active":false,"_monsterinsights_sitenote_note":"","_monsterinsights_sitenote_category":0,"jnews-multi-image_gallery":[],"jnews_single_post":[],"jnews_primary_category":[],"footnotes":""},"categories":[],"tags":[],"class_list":["post-55502","post","type-post","status-publish","format-standard","hentry"],"aioseo_notices":[],"_links":{"self":[{"href":"https:\/\/estado29.mx\/index.php?rest_route=\/wp\/v2\/posts\/55502","targetHints":{"allow":["GET"]}}],"collection":[{"href":"https:\/\/estado29.mx\/index.php?rest_route=\/wp\/v2\/posts"}],"about":[{"href":"https:\/\/estado29.mx\/index.php?rest_route=\/wp\/v2\/types\/post"}],"author":[{"embeddable":true,"href":"https:\/\/estado29.mx\/index.php?rest_route=\/wp\/v2\/users\/31"}],"replies":[{"embeddable":true,"href":"https:\/\/estado29.mx\/index.php?rest_route=%2Fwp%2Fv2%2Fcomments&post=55502"}],"version-history":[{"count":1,"href":"https:\/\/estado29.mx\/index.php?rest_route=\/wp\/v2\/posts\/55502\/revisions"}],"predecessor-version":[{"id":55509,"href":"https:\/\/estado29.mx\/index.php?rest_route=\/wp\/v2\/posts\/55502\/revisions\/55509"}],"wp:attachment":[{"href":"https:\/\/estado29.mx\/index.php?rest_route=%2Fwp%2Fv2%2Fmedia&parent=55502"}],"wp:term":[{"taxonomy":"category","embeddable":true,"href":"https:\/\/estado29.mx\/index.php?rest_route=%2Fwp%2Fv2%2Fcategories&post=55502"},{"taxonomy":"post_tag","embeddable":true,"href":"https:\/\/estado29.mx\/index.php?rest_route=%2Fwp%2Fv2%2Ftags&post=55502"}],"curies":[{"name":"wp","href":"https:\/\/api.w.org\/{rel}","templated":true}]}}