{"id":55505,"date":"2019-11-21T14:38:21","date_gmt":"2019-11-21T20:38:21","guid":{"rendered":"http:\/\/estado29.mx\/?p=55505"},"modified":"2019-11-21T14:38:32","modified_gmt":"2019-11-21T20:38:32","slug":"esclarece-pgje-secuestro-expres-en-hueyotlipan","status":"publish","type":"post","link":"https:\/\/estado29.mx\/?p=55505","title":{"rendered":"Esclarece PGJE secuestro expr\u00e9s en Hueyotlipan"},"content":{"rendered":"\n<p>\u00b7&nbsp;&nbsp;&nbsp;&nbsp;&nbsp;&nbsp;&nbsp;&nbsp;&nbsp;&nbsp;&nbsp;&nbsp;&nbsp;<em>El imputado estaba recluido en el Cereso de Apizaco por el delito de portaci\u00f3n de arma de fuego.<\/em><\/p>\n\n\n\n<p>La Unidad Especializada en el Combate al Delito de Secuestro (UECS) de la Procuradur\u00eda General de Justicia del Estado (PGJE) logr\u00f3 la captura de Gerardo Maximiliano N., quien contaba con una orden de aprehensi\u00f3n por su probable participaci\u00f3n en el secuestro expr\u00e9s en agravio de un hombre en el municipio de Hueyotlipan.<\/p>\n\n\n\n<p>De acuerdo con la informaci\u00f3n recabada y de estrategias operativas a cargo de la Polic\u00eda de Investigaci\u00f3n, se tuvo conocimiento que el hoy imputado, en julio de este a\u00f1o, amag\u00f3 a la v\u00edctima con un arma de fuego para privarlo de la libertad con el prop\u00f3sito de cometer secuestro expr\u00e9s en la carretera M\u00e9xico-Veracruz, a la altura del municipio de Hueyotlipan.&nbsp;<\/p>\n\n\n\n<p>Sin embargo, tras un operativo efectuado por la Polic\u00eda de Investigaci\u00f3n se logr\u00f3 rescatar a la v\u00edctima sana y salva.<\/p>\n\n\n\n<p>Con estos datos, el Agente del Ministerio P\u00fablico e investigadores realizaron las diligencias correspondientes aportando datos de prueba en el caso, obteniendo que el Juez de Control librara la orden de aprehensi\u00f3n en contra de Gerardo Maximiliano N.<\/p>\n\n\n\n<p>De esta manera y luego de recabar informaci\u00f3n contundente y continuar con las diligencias necesarias, los oficiales tuvieron conocimiento que una persona con las caracter\u00edsticas fison\u00f3micas&nbsp;&nbsp;del imputado se encontraba recluido en el Centro de Reinserci\u00f3n Social (Cereso) de Apizaco, por el delito de portaci\u00f3n arma de fuego, luego de ser asegurado en octubre del a\u00f1o en curso.<\/p>\n\n\n\n<p>Con esta informaci\u00f3n, los investigadores conocieron que el imputado obtendr\u00eda su libertad, por lo que se trasladaron al exterior del Cereso donde cumplimentaron el mandamiento judicial.<\/p>\n\n\n\n<p>Por ello, Gerardo Maximiliano N., fue puesto a disposici\u00f3n de la autoridad jurisdiccional a la espera del desahogo de su audiencia.&nbsp;<\/p>\n\n\n\n<p>Con estas acciones, la Procuradur\u00eda de Tlaxcala ratifica su compromiso de investigar las actividades delictuosas y con ello fincar responsabilidades en contra de los imputados en aras de fortalecer una impartici\u00f3n de justicia eficaz siempre en el marco normativo correspondiente.<\/p>\n","protected":false},"excerpt":{"rendered":"<p>\u00b7&nbsp;&nbsp;&nbsp;&nbsp;&nbsp;&nbsp;&nbsp;&nbsp;&nbsp;&nbsp;&nbsp;&nbsp;&nbsp;El imputado estaba recluido en el Cereso de Apizaco por el delito de portaci\u00f3n de arma de fuego. La Unidad Especializada en el Combate al Delito de Secuestro (UECS) de la Procuradur\u00eda General de Justicia del Estado (PGJE) logr\u00f3 la captura de Gerardo Maximiliano N., quien contaba con una orden de aprehensi\u00f3n por su probable [&hellip;]<\/p>\n","protected":false},"author":12,"featured_media":0,"comment_status":"closed","ping_status":"open","sticky":false,"template":"","format":"standard","meta":{"om_disable_all_campaigns":false,"_monsterinsights_skip_tracking":false,"_monsterinsights_sitenote_active":false,"_monsterinsights_sitenote_note":"","_monsterinsights_sitenote_category":0,"jnews-multi-image_gallery":[],"jnews_single_post":[],"jnews_primary_category":[],"footnotes":""},"categories":[],"tags":[],"class_list":["post-55505","post","type-post","status-publish","format-standard","hentry"],"aioseo_notices":[],"_links":{"self":[{"href":"https:\/\/estado29.mx\/index.php?rest_route=\/wp\/v2\/posts\/55505","targetHints":{"allow":["GET"]}}],"collection":[{"href":"https:\/\/estado29.mx\/index.php?rest_route=\/wp\/v2\/posts"}],"about":[{"href":"https:\/\/estado29.mx\/index.php?rest_route=\/wp\/v2\/types\/post"}],"author":[{"embeddable":true,"href":"https:\/\/estado29.mx\/index.php?rest_route=\/wp\/v2\/users\/12"}],"replies":[{"embeddable":true,"href":"https:\/\/estado29.mx\/index.php?rest_route=%2Fwp%2Fv2%2Fcomments&post=55505"}],"version-history":[{"count":1,"href":"https:\/\/estado29.mx\/index.php?rest_route=\/wp\/v2\/posts\/55505\/revisions"}],"predecessor-version":[{"id":55508,"href":"https:\/\/estado29.mx\/index.php?rest_route=\/wp\/v2\/posts\/55505\/revisions\/55508"}],"wp:attachment":[{"href":"https:\/\/estado29.mx\/index.php?rest_route=%2Fwp%2Fv2%2Fmedia&parent=55505"}],"wp:term":[{"taxonomy":"category","embeddable":true,"href":"https:\/\/estado29.mx\/index.php?rest_route=%2Fwp%2Fv2%2Fcategories&post=55505"},{"taxonomy":"post_tag","embeddable":true,"href":"https:\/\/estado29.mx\/index.php?rest_route=%2Fwp%2Fv2%2Ftags&post=55505"}],"curies":[{"name":"wp","href":"https:\/\/api.w.org\/{rel}","templated":true}]}}