{"id":55530,"date":"2019-11-22T07:49:08","date_gmt":"2019-11-22T13:49:08","guid":{"rendered":"http:\/\/estado29.mx\/?p=55530"},"modified":"2019-11-22T07:49:18","modified_gmt":"2019-11-22T13:49:18","slug":"marco-mena-entrega-premio-estatal-del-deporte-2019","status":"publish","type":"post","link":"https:\/\/estado29.mx\/?p=55530","title":{"rendered":"Marco Mena entrega premio estatal del deporte 2019"},"content":{"rendered":"\n<p>\u00b7&nbsp;<em>Los galardonados de este a\u00f1o son: el atleta paral\u00edmpico Leonardo de Jes\u00fas P\u00e9rez Ju\u00e1rez, el entrenador Mart\u00edn D\u00edaz L\u00f3pez y el promotor Erick Barba Campos.<\/em><\/p>\n\n\n\n<p>El Gobernador Marco Mena entreg\u00f3 el Premio Estatal del Deporte 2019 al atleta paral\u00edmpico Leonardo de Jes\u00fas P\u00e9rez Ju\u00e1rez, al entrenador Mart\u00edn D\u00edaz L\u00f3pez y al promotor Erick Barba Campos, a quienes defini\u00f3 como referencia del estado y ejemplo para todos los tlaxcaltecas por sus logros, esfuerzo y disciplina.<\/p>\n\n\n\n<p>En el Sal\u00f3n Rojo del Palacio de Gobierno, Marco Mena afirm\u00f3 que el Premio Estatal del Deporte es un reconocimiento al m\u00e9rito de los galardonados, que se suman a los motivos que existen para manifestar el orgullo de ser tlaxcaltecas.<\/p>\n\n\n\n<p>Durante su mensaje, el Gobernador Mena explic\u00f3 que el esfuerzo de Leonardo de Jes\u00fas P\u00e9rez, Mart\u00edn D\u00edaz y Erick Barba son historias de \u00e9xito que inspiran a m\u00e1s ni\u00f1os y j\u00f3venes a alcanzar sus metas, al tiempo de subrayar el trabajo de su equipo de entrenadores, del Instituto del Deporte de Tlaxcala (IDET) que acompa\u00f1a sus carreras, de la Secretar\u00eda de Educaci\u00f3n P\u00fablica del Estado (SEPE) que los respalda y de la Administraci\u00f3n Estatal que con estos est\u00edmulos refuerza su empe\u00f1o.<\/p>\n\n\n\n<p>En su mensaje, el Gobernador Marco Mena apunt\u00f3 que el momento actual que vive el estado en materia de desarrollo econ\u00f3mico, generaci\u00f3n de empleo formal y reducci\u00f3n de la pobreza permite que Tlaxcala se distinga en la regi\u00f3n y a nivel nacional como una de las pocas entidades del pa\u00eds que mantiene un crecimiento sostenido.<\/p>\n\n\n\n<p>Finalmente, Marco Mena llam\u00f3 a los ganadores del Premio Estatal del Deporte 2019 a manifestar el orgullo por la historia y tradiciones que posee la entidad y difundir los logros que en este momento registra en diversos rubros.<\/p>\n\n\n\n<p>En su oportunidad, Alfredo Lemus Salda\u00f1a, Director del IDET, refiri\u00f3 que el respaldo del Gobierno Estatal al deporte se refleja en los resultados obtenidos como el n\u00famero de medallas que logr\u00f3 la delegaci\u00f3n tlaxcalteca en la Olimpiada y Paralimpiada Nacional, as\u00ed como en los Juegos Populares 2019.&nbsp;<\/p>\n\n\n\n<p>En tanto, Florentino Dom\u00ednguez Ord\u00f3\u00f1ez, Secretario de Educaci\u00f3n P\u00fablica, felicit\u00f3 a los atletas y resalt\u00f3 que representan un orgullo para sus familias y para todos los tlaxcaltecas.<\/p>\n\n\n\n<p>En representaci\u00f3n de los galardonados, Mart\u00edn D\u00edaz L\u00f3pez, ganador en la categor\u00eda de entrenador, agradeci\u00f3 a la Administraci\u00f3n Estatal el apoyo que reciben y se\u00f1al\u00f3 que la modernizaci\u00f3n del Estadio Tlahuicole es muestra del compromiso que existe para que el estado trascienda deportivamente.<\/p>\n\n\n\n<p>Cabe se\u00f1alar que, en la categor\u00eda de Entrenador, Mart\u00edn D\u00edaz L\u00f3pez fue reconocido por ser instructor de la delegaci\u00f3n de atletismo sobre silla de ruedas que particip\u00f3 en la Paralimpiada Nacional 2019, donde obtuvieron 26 medallas.&nbsp;<\/p>\n\n\n\n<p>Leonardo de Jes\u00fas P\u00e9rez Ju\u00e1rez fue distinguido en la categor\u00eda Deportista, por ser el primer tlaxcalteca clasificado a los Juegos Paral\u00edmpicos de Tokio 2020, entre otros logros.<\/p>\n\n\n\n<p>Erick Barba Campos obtuvo el premio en Fomento, Protecci\u00f3n o Impulso a la Pr\u00e1ctica de los Deportes, por la creaci\u00f3n de la liga universitaria de Lacrosse y la aportaci\u00f3n de seis tlaxcaltecas a la selecci\u00f3n nacional de esta disciplina.<\/p>\n\n\n\n<p>Los galardonados recibieron un incentivo econ\u00f3mico de 36 mil 666 pesos cada uno, as\u00ed como un reconocimiento conmemorativo.<\/p>\n","protected":false},"excerpt":{"rendered":"<p>\u00b7&nbsp;Los galardonados de este a\u00f1o son: el atleta paral\u00edmpico Leonardo de Jes\u00fas P\u00e9rez Ju\u00e1rez, el entrenador Mart\u00edn D\u00edaz L\u00f3pez y el promotor Erick Barba Campos. El Gobernador Marco Mena entreg\u00f3 el Premio Estatal del Deporte 2019 al atleta paral\u00edmpico Leonardo de Jes\u00fas P\u00e9rez Ju\u00e1rez, al entrenador Mart\u00edn D\u00edaz L\u00f3pez y al promotor Erick Barba Campos, [&hellip;]<\/p>\n","protected":false},"author":12,"featured_media":0,"comment_status":"closed","ping_status":"open","sticky":false,"template":"","format":"standard","meta":{"om_disable_all_campaigns":false,"_monsterinsights_skip_tracking":false,"_monsterinsights_sitenote_active":false,"_monsterinsights_sitenote_note":"","_monsterinsights_sitenote_category":0,"jnews-multi-image_gallery":[],"jnews_single_post":[],"jnews_primary_category":[],"footnotes":""},"categories":[],"tags":[],"class_list":["post-55530","post","type-post","status-publish","format-standard","hentry"],"aioseo_notices":[],"_links":{"self":[{"href":"https:\/\/estado29.mx\/index.php?rest_route=\/wp\/v2\/posts\/55530","targetHints":{"allow":["GET"]}}],"collection":[{"href":"https:\/\/estado29.mx\/index.php?rest_route=\/wp\/v2\/posts"}],"about":[{"href":"https:\/\/estado29.mx\/index.php?rest_route=\/wp\/v2\/types\/post"}],"author":[{"embeddable":true,"href":"https:\/\/estado29.mx\/index.php?rest_route=\/wp\/v2\/users\/12"}],"replies":[{"embeddable":true,"href":"https:\/\/estado29.mx\/index.php?rest_route=%2Fwp%2Fv2%2Fcomments&post=55530"}],"version-history":[{"count":1,"href":"https:\/\/estado29.mx\/index.php?rest_route=\/wp\/v2\/posts\/55530\/revisions"}],"predecessor-version":[{"id":55533,"href":"https:\/\/estado29.mx\/index.php?rest_route=\/wp\/v2\/posts\/55530\/revisions\/55533"}],"wp:attachment":[{"href":"https:\/\/estado29.mx\/index.php?rest_route=%2Fwp%2Fv2%2Fmedia&parent=55530"}],"wp:term":[{"taxonomy":"category","embeddable":true,"href":"https:\/\/estado29.mx\/index.php?rest_route=%2Fwp%2Fv2%2Fcategories&post=55530"},{"taxonomy":"post_tag","embeddable":true,"href":"https:\/\/estado29.mx\/index.php?rest_route=%2Fwp%2Fv2%2Ftags&post=55530"}],"curies":[{"name":"wp","href":"https:\/\/api.w.org\/{rel}","templated":true}]}}