{"id":55546,"date":"2019-11-22T14:40:37","date_gmt":"2019-11-22T20:40:37","guid":{"rendered":"http:\/\/estado29.mx\/?p=55546"},"modified":"2019-11-22T14:40:45","modified_gmt":"2019-11-22T20:40:45","slug":"realiza-sepe-taller-de-educacion-socioemocional-para-maestros-con-alumnos-en-situacion-migrante","status":"publish","type":"post","link":"https:\/\/estado29.mx\/?p=55546","title":{"rendered":"Realiza SEPE taller de educaci\u00f3n socioemocional para maestros con alumnos en situaci\u00f3n migrante"},"content":{"rendered":"\n<p>Como parte del Programa Para la Inclusi\u00f3n y la Equidad Educativa, la Secretar\u00eda de Educaci\u00f3n P\u00fablica del Estado (SEPE), llev\u00f3 a cabo un taller de Educaci\u00f3n Socioemocional dirigido a 93 figuras educativas de nivel b\u00e1sico, con alumnos en situaci\u00f3n migrante.<\/p>\n\n\n\n<p>La intenci\u00f3n de este curso, es brindar intervenci\u00f3n, apoyo, asesor\u00eda y acompa\u00f1amiento en el componente de desarrollo personal y social a los docentes, con ni\u00f1os y adolescentes con estas caracter\u00edsticas.&nbsp;<\/p>\n\n\n\n<p>Jos\u00e9 Francisco Mendoza Cruz, coordinador del Programa para la Inclusi\u00f3n y la Equidad Educativa, resalt\u00f3 la disposici\u00f3n del Secretario de Educaci\u00f3n P\u00fablica, Florentino Dom\u00ednguez Ord\u00f3\u00f1ez,&nbsp;&nbsp;para&nbsp;&nbsp;asegurar mayor cobertura entre todos los grupos de la poblaci\u00f3n para la construcci\u00f3n de una sociedad m\u00e1s justa.<\/p>\n\n\n\n<p>Actualmente el Programa Para la Inclusi\u00f3n y la Equidad Educativa, atiende a 151 alumnos integrados en 24 escuelas de los niveles de preescolar, primaria y secundaria en sus modalidades de general, t\u00e9cnica y telesecundaria.<\/p>\n\n\n\n<p>Resalt\u00f3 que con los cursos, conferencias y talleres que imparte la SEPE, a trav\u00e9s de este programa, se busca crear un enfoque de integraci\u00f3n, para que los alumnos que forman parte de esta estrategia, alcancen una formaci\u00f3n integral.<\/p>\n\n\n\n<p>Este curso taller fue impartido por Rodolfo L\u00f3pez Mu\u00f1oz del Instituto Polit\u00e9cnico Nacional, a 62 docentes, 24 directivos, un jefe de sector y seis supervisores.<\/p>\n","protected":false},"excerpt":{"rendered":"<p>Como parte del Programa Para la Inclusi\u00f3n y la Equidad Educativa, la Secretar\u00eda de Educaci\u00f3n P\u00fablica del Estado (SEPE), llev\u00f3 a cabo un taller de Educaci\u00f3n Socioemocional dirigido a 93 figuras educativas de nivel b\u00e1sico, con alumnos en situaci\u00f3n migrante. La intenci\u00f3n de este curso, es brindar intervenci\u00f3n, apoyo, asesor\u00eda y acompa\u00f1amiento en el componente [&hellip;]<\/p>\n","protected":false},"author":12,"featured_media":0,"comment_status":"closed","ping_status":"open","sticky":false,"template":"","format":"standard","meta":{"om_disable_all_campaigns":false,"_monsterinsights_skip_tracking":false,"_monsterinsights_sitenote_active":false,"_monsterinsights_sitenote_note":"","_monsterinsights_sitenote_category":0,"jnews-multi-image_gallery":[],"jnews_single_post":[],"jnews_primary_category":[],"footnotes":""},"categories":[],"tags":[],"class_list":["post-55546","post","type-post","status-publish","format-standard","hentry"],"aioseo_notices":[],"_links":{"self":[{"href":"https:\/\/estado29.mx\/index.php?rest_route=\/wp\/v2\/posts\/55546","targetHints":{"allow":["GET"]}}],"collection":[{"href":"https:\/\/estado29.mx\/index.php?rest_route=\/wp\/v2\/posts"}],"about":[{"href":"https:\/\/estado29.mx\/index.php?rest_route=\/wp\/v2\/types\/post"}],"author":[{"embeddable":true,"href":"https:\/\/estado29.mx\/index.php?rest_route=\/wp\/v2\/users\/12"}],"replies":[{"embeddable":true,"href":"https:\/\/estado29.mx\/index.php?rest_route=%2Fwp%2Fv2%2Fcomments&post=55546"}],"version-history":[{"count":1,"href":"https:\/\/estado29.mx\/index.php?rest_route=\/wp\/v2\/posts\/55546\/revisions"}],"predecessor-version":[{"id":55554,"href":"https:\/\/estado29.mx\/index.php?rest_route=\/wp\/v2\/posts\/55546\/revisions\/55554"}],"wp:attachment":[{"href":"https:\/\/estado29.mx\/index.php?rest_route=%2Fwp%2Fv2%2Fmedia&parent=55546"}],"wp:term":[{"taxonomy":"category","embeddable":true,"href":"https:\/\/estado29.mx\/index.php?rest_route=%2Fwp%2Fv2%2Fcategories&post=55546"},{"taxonomy":"post_tag","embeddable":true,"href":"https:\/\/estado29.mx\/index.php?rest_route=%2Fwp%2Fv2%2Ftags&post=55546"}],"curies":[{"name":"wp","href":"https:\/\/api.w.org\/{rel}","templated":true}]}}