{"id":55567,"date":"2019-11-25T07:23:49","date_gmt":"2019-11-25T13:23:49","guid":{"rendered":"http:\/\/estado29.mx\/?p=55567"},"modified":"2019-11-25T07:24:00","modified_gmt":"2019-11-25T13:24:00","slug":"imparte-sesa-foro-de-actualizacion-sobre-influenza-y-vacunacion-a-personal-de-salud","status":"publish","type":"post","link":"https:\/\/estado29.mx\/?p=55567","title":{"rendered":"Imparte SESA foro de actualizaci\u00f3n sobre influenza y vacunaci\u00f3n a personal de salud"},"content":{"rendered":"\n<p>\u2022&nbsp;<em>Durante el evento los asistentes analizaron los temas \u201cAtenci\u00f3n al paciente con Influenza\u201d y \u201cPanorama Epidemiol\u00f3gico y Vacunaci\u00f3n Anti-influenza\u201d.<\/em><\/p>\n\n\n\n<p>Para fortalecer el Sistema de Salud en el estado, por tercer a\u00f1o consecutivo, la Secretar\u00eda de Salud (SESA) imparti\u00f3 el \u201cForo de Actualizaci\u00f3n para la Atenci\u00f3n a Pacientes con Influenza y Vacunaci\u00f3n\u201d.<\/p>\n\n\n\n<p>Durante la inauguraci\u00f3n del curso, Patricia Osorno Romero, encargada de la Direcci\u00f3n de Atenci\u00f3n Especializada a la Salud, apunt\u00f3 que el objetivo principal de estas acciones es brindar a los pacientes seguridad y certeza de que la vacuna contra la influenza previene no solo de un cuadro gripal, sino la complicaci\u00f3n de esta enfermedad.<\/p>\n\n\n\n<p>Osorno Romero subray\u00f3 que el Foro permitir\u00e1 al personal de salud contar con las herramientas necesarias para transmitir informaci\u00f3n responsable a la ciudadan\u00eda tlaxcalteca.<\/p>\n\n\n\n<p>En su oportunidad, Ver\u00f3nica Ortega Guti\u00e9rrez, Jefa del Departamento de Epidemiolog\u00eda, destac\u00f3 la importancia de la actualizaci\u00f3n en este tipo de temas para fortalecer la atenci\u00f3n a los pacientes, adem\u00e1s de se\u00f1alar que la estrategia principal para evitar defunciones por influenza es la vacunaci\u00f3n por lo que invit\u00f3 a los asistentes a fomentar esta pr\u00e1ctica en sus unidades para que quienes deban estar vacunados lo hagan en tiempo y forma.&nbsp;<\/p>\n\n\n\n<p>Finalmente, Ernesto Garc\u00eda Lara, Responsable Estatal de Enfermedades Respiratorias e Influenza, detall\u00f3 que hasta el momento se han capacitado cerca de 600 responsables de salud y se prev\u00e9 que los cursos contin\u00faen durante noviembre y diciembre.<\/p>\n\n\n\n<p>Entre los temas que se abordaron destacan \u201cAtenci\u00f3n al paciente con Influenza\u201d y \u201cPanorama Epidemiol\u00f3gico y Vacunaci\u00f3n Anti-influenza\u201d, a cargo de Uri de Jes\u00fas Mora Romero, Neum\u00f3logo Pediatra del Hospital de Puebla y Liz Anah\u00ed Ubiarco L\u00f3pez, enlace de Sanofi Pasteur, respectivamente.<\/p>\n\n\n\n<p>El Foro cont\u00f3 con la participaci\u00f3n de 130 asistentes de diferentes unidades del sector salud de primer y segundo nivel de atenci\u00f3n en el estado, entre ellos m\u00e9dicos generales, especialistas, personal de enfermer\u00eda y epidemi\u00f3logos de la SESA y de los institutos Mexicano del Seguro Social (IMSS) y de Seguridad y Servicios Sociales de los Trabajadores del Estado (Issste), as\u00ed como de la iniciativa privada.<\/p>\n","protected":false},"excerpt":{"rendered":"<p>\u2022&nbsp;Durante el evento los asistentes analizaron los temas \u201cAtenci\u00f3n al paciente con Influenza\u201d y \u201cPanorama Epidemiol\u00f3gico y Vacunaci\u00f3n Anti-influenza\u201d. Para fortalecer el Sistema de Salud en el estado, por tercer a\u00f1o consecutivo, la Secretar\u00eda de Salud (SESA) imparti\u00f3 el \u201cForo de Actualizaci\u00f3n para la Atenci\u00f3n a Pacientes con Influenza y Vacunaci\u00f3n\u201d. Durante la inauguraci\u00f3n del [&hellip;]<\/p>\n","protected":false},"author":12,"featured_media":0,"comment_status":"closed","ping_status":"open","sticky":false,"template":"","format":"standard","meta":{"om_disable_all_campaigns":false,"_monsterinsights_skip_tracking":false,"_monsterinsights_sitenote_active":false,"_monsterinsights_sitenote_note":"","_monsterinsights_sitenote_category":0,"jnews-multi-image_gallery":[],"jnews_single_post":[],"jnews_primary_category":[],"footnotes":""},"categories":[],"tags":[],"class_list":["post-55567","post","type-post","status-publish","format-standard","hentry"],"aioseo_notices":[],"_links":{"self":[{"href":"https:\/\/estado29.mx\/index.php?rest_route=\/wp\/v2\/posts\/55567","targetHints":{"allow":["GET"]}}],"collection":[{"href":"https:\/\/estado29.mx\/index.php?rest_route=\/wp\/v2\/posts"}],"about":[{"href":"https:\/\/estado29.mx\/index.php?rest_route=\/wp\/v2\/types\/post"}],"author":[{"embeddable":true,"href":"https:\/\/estado29.mx\/index.php?rest_route=\/wp\/v2\/users\/12"}],"replies":[{"embeddable":true,"href":"https:\/\/estado29.mx\/index.php?rest_route=%2Fwp%2Fv2%2Fcomments&post=55567"}],"version-history":[{"count":1,"href":"https:\/\/estado29.mx\/index.php?rest_route=\/wp\/v2\/posts\/55567\/revisions"}],"predecessor-version":[{"id":55570,"href":"https:\/\/estado29.mx\/index.php?rest_route=\/wp\/v2\/posts\/55567\/revisions\/55570"}],"wp:attachment":[{"href":"https:\/\/estado29.mx\/index.php?rest_route=%2Fwp%2Fv2%2Fmedia&parent=55567"}],"wp:term":[{"taxonomy":"category","embeddable":true,"href":"https:\/\/estado29.mx\/index.php?rest_route=%2Fwp%2Fv2%2Fcategories&post=55567"},{"taxonomy":"post_tag","embeddable":true,"href":"https:\/\/estado29.mx\/index.php?rest_route=%2Fwp%2Fv2%2Ftags&post=55567"}],"curies":[{"name":"wp","href":"https:\/\/api.w.org\/{rel}","templated":true}]}}