{"id":55571,"date":"2019-11-25T07:26:25","date_gmt":"2019-11-25T13:26:25","guid":{"rendered":"http:\/\/estado29.mx\/?p=55571"},"modified":"2019-11-25T07:26:34","modified_gmt":"2019-11-25T13:26:34","slug":"florentino-dominguez-llama-a-trabajadores-y-maestros-a-hacer-sinergia-por-la-educacion","status":"publish","type":"post","link":"https:\/\/estado29.mx\/?p=55571","title":{"rendered":"Florentino Dom\u00ednguez llama a trabajadores y maestros a hacer sinergia por la educaci\u00f3n"},"content":{"rendered":"\n<p>\u00b7&nbsp;&nbsp;&nbsp;&nbsp;&nbsp;&nbsp;<em>El titular de la SEPE-USET reconoci\u00f3 la labor en el marco del \u201cD\u00eda del Personal de Apoyo y Asistencia a la Educaci\u00f3n de Telesecundarias\u201d<\/em><\/p>\n\n\n\n<p>En el marco del \u201cD\u00eda del Personal de Apoyo y Asistencia a la Educaci\u00f3n de Telesecundarias\u201d, el Secretario de Educaci\u00f3n P\u00fablica del Estado (SEPE), Florentino Dom\u00ednguez Ord\u00f3\u00f1ez, llam\u00f3 a hacer sinergia a favor de la educaci\u00f3n.<\/p>\n\n\n\n<p>El tambi\u00e9n director de la Unidad de Servicios Educativos de&nbsp;&nbsp;Tlaxcala (USET), refrend\u00f3 el compromiso del Gobernador Marco Mena para respaldar las pol\u00edticas educativas a fin de seguir en el rumbo de la excelencia educativa, a trav\u00e9s de estrategias que mejoren la pr\u00e1ctica y servicios educativos.<\/p>\n\n\n\n<p>&nbsp;\u201cSin trabajadores de apoyo y asistencia seria muy dif\u00edcil que hubiera servicios educativos. Las maestras, los maestros, los supervisores, y los jefes de sector lo saben; por ello, hagamos todos sinergia, para vernos como un colectivo capaz, talentoso, haciendo lo posible para que los adolescentes estudien y aprendan, para construir desde hoy, el M\u00e9xico del ma\u00f1ana\u201d, resalt\u00f3.<\/p>\n\n\n\n<p>En su mensaje, el titular de la SEPE-USET, reconoci\u00f3 la entrega, esfuerzo y dedicaci\u00f3n de los trabajadores administrativos, al tiempo de afirmar que el trabajo que se realiza en el sector educativo es trascendental para avanzar en la educaci\u00f3n de calidad.<\/p>\n\n\n\n<p>Luego de su mensaje, el Secretario de Educaci\u00f3n P\u00fablica, entreg\u00f3 de manera simb\u00f3lica un pants que recibieron los trabajadores como reconocimiento a su labor, posteriormente autoridades de la Secci\u00f3n 31 del Sindicato Nacional de Trabajadores de la Educaci\u00f3n (SNTE), realiz\u00f3 un sorteo con diferentes productos electr\u00f3nicos, as\u00ed como utensilios de cocina.<\/p>\n\n\n\n<p>En su oportunidad, el Secretario General de la Secci\u00f3n 31 del SNTE, Demetrio Rivas Corona, resalt\u00f3 el esfuerzo de los trabajadores administrativos y manifest\u00f3 que la tarea diaria que realizan coadyuva a la mejora de los servicios educativos.<\/p>\n\n\n\n<p>Acudieron tambi\u00e9n, Yolanda Mart\u00ednez Mendoza, representante personal de Alfonso Cepeda Salas, Secretario General del Comit\u00e9 Ejecutivo Nacional del SNTE; Jos\u00e9 Luis Olvera, Representante del CEN del SNTE ante la secci\u00f3n 31; Mar\u00eda Esmeralda Mart\u00ednez, representante del CEN del SNTE ante la secci\u00f3n 55; Jorge Guevara Lozada, Secretario General de la Secci\u00f3n 55 del SNTE; y Guadalupe Mata Lara, diputada local.<\/p>\n","protected":false},"excerpt":{"rendered":"<p>\u00b7&nbsp;&nbsp;&nbsp;&nbsp;&nbsp;&nbsp;El titular de la SEPE-USET reconoci\u00f3 la labor en el marco del \u201cD\u00eda del Personal de Apoyo y Asistencia a la Educaci\u00f3n de Telesecundarias\u201d En el marco del \u201cD\u00eda del Personal de Apoyo y Asistencia a la Educaci\u00f3n de Telesecundarias\u201d, el Secretario de Educaci\u00f3n P\u00fablica del Estado (SEPE), Florentino Dom\u00ednguez Ord\u00f3\u00f1ez, llam\u00f3 a hacer sinergia [&hellip;]<\/p>\n","protected":false},"author":12,"featured_media":0,"comment_status":"closed","ping_status":"open","sticky":false,"template":"","format":"standard","meta":{"om_disable_all_campaigns":false,"_monsterinsights_skip_tracking":false,"_monsterinsights_sitenote_active":false,"_monsterinsights_sitenote_note":"","_monsterinsights_sitenote_category":0,"jnews-multi-image_gallery":[],"jnews_single_post":[],"jnews_primary_category":[],"footnotes":""},"categories":[],"tags":[],"class_list":["post-55571","post","type-post","status-publish","format-standard","hentry"],"aioseo_notices":[],"_links":{"self":[{"href":"https:\/\/estado29.mx\/index.php?rest_route=\/wp\/v2\/posts\/55571","targetHints":{"allow":["GET"]}}],"collection":[{"href":"https:\/\/estado29.mx\/index.php?rest_route=\/wp\/v2\/posts"}],"about":[{"href":"https:\/\/estado29.mx\/index.php?rest_route=\/wp\/v2\/types\/post"}],"author":[{"embeddable":true,"href":"https:\/\/estado29.mx\/index.php?rest_route=\/wp\/v2\/users\/12"}],"replies":[{"embeddable":true,"href":"https:\/\/estado29.mx\/index.php?rest_route=%2Fwp%2Fv2%2Fcomments&post=55571"}],"version-history":[{"count":1,"href":"https:\/\/estado29.mx\/index.php?rest_route=\/wp\/v2\/posts\/55571\/revisions"}],"predecessor-version":[{"id":55574,"href":"https:\/\/estado29.mx\/index.php?rest_route=\/wp\/v2\/posts\/55571\/revisions\/55574"}],"wp:attachment":[{"href":"https:\/\/estado29.mx\/index.php?rest_route=%2Fwp%2Fv2%2Fmedia&parent=55571"}],"wp:term":[{"taxonomy":"category","embeddable":true,"href":"https:\/\/estado29.mx\/index.php?rest_route=%2Fwp%2Fv2%2Fcategories&post=55571"},{"taxonomy":"post_tag","embeddable":true,"href":"https:\/\/estado29.mx\/index.php?rest_route=%2Fwp%2Fv2%2Ftags&post=55571"}],"curies":[{"name":"wp","href":"https:\/\/api.w.org\/{rel}","templated":true}]}}