{"id":55575,"date":"2019-11-25T07:28:08","date_gmt":"2019-11-25T13:28:08","guid":{"rendered":"http:\/\/estado29.mx\/?p=55575"},"modified":"2019-11-25T07:28:18","modified_gmt":"2019-11-25T13:28:18","slug":"se-capacitan-305-personas-para-el-trabajo-en-el-plantel-de-icatlax-en-tepetitla","status":"publish","type":"post","link":"https:\/\/estado29.mx\/?p=55575","title":{"rendered":"Se capacitan 305 personas para el trabajo en el plantel de ICATLAX en Tepetitla"},"content":{"rendered":"\n<p>\u2022&nbsp;<em>El Director General, Manuel Camacho Higareda, encabez\u00f3 la ceremonia de entrega de constancias.<\/em><\/p>\n\n\n\n<p>El Director General del Instituto de Capacitaci\u00f3n para el Trabajo del Estado de Tlaxcala (Icatlax), Manuel Camacho Higareda, felicit\u00f3 a 305 mujeres y hombres que adquirieron preparaci\u00f3n para integrarse al autoempleo o alguna \u00e1rea productiva, a trav\u00e9s de los diferentes cursos que se ofrecen en el plantel de Tepetitla.<\/p>\n\n\n\n<p>Durante el acto de entrega de constancias, el tambi\u00e9n Coordinador del Sistema Estatal de Promoci\u00f3n del Empleo y Desarrollo Comunitario (Sepuede) afirm\u00f3 que la Instituci\u00f3n tiene como objetivo estimular el crecimiento integral de las personas en el \u00e1mbito laboral a trav\u00e9s de la capacitaci\u00f3n, con la finalidad de mejorar su calidad de vida.<\/p>\n\n\n\n<p>\u201cUstedes dispusieron de su tiempo para venir a desarrollar sus destrezas, competencias y habilidades. Ahora son personas con mayores posibilidades de desarrollo. Con el conocimiento adquirido encontrar\u00e1n un espacio laboral formal o bien podr\u00e1n desarrollar su propio negocio\u201d, enfatiz\u00f3.<\/p>\n\n\n\n<p>Camacho Higareda reconoci\u00f3 la labor de los instructores del Icatlax por ofrecer oportunidades de aprendizaje y superaci\u00f3n a los estudiantes.<\/p>\n\n\n\n<p>\u201cLo que hacen es una muestra de amor al compartir su pasi\u00f3n, experiencia y conocimientos adquiridos a trav\u00e9s del tiempo\u201d, expres\u00f3.<\/p>\n\n\n\n<p>Cabe se\u00f1alar que el Icatlax replantear\u00e1 nuevos esquemas y ofertas de capacitaci\u00f3n para el pr\u00f3ximo a\u00f1o, acordes a las necesidades de la regi\u00f3n, a fin de que los conocimientos que adquieran los capacitandos sirvan en su inserci\u00f3n al mercado laboral y tengan mayores posibilidades de crecimiento y desarrollo.<\/p>\n\n\n\n<p>En la ceremonia, el titular del Sepuede-Icatlax reconoci\u00f3 el esfuerzo y dedicaci\u00f3n de Leonor Arroyo V\u00e1zquez, de 75 a\u00f1os, quien concluy\u00f3 exitosamente el curso &#8220;Bordado en list\u00f3n avanzado&#8221;.<\/p>\n\n\n\n<p>\u201cDo\u00f1a Leonor ya nos marc\u00f3 el rumbo y nos ha demostrado que nunca es tarde para capacitarse. Gracias por confiar en el Gobierno Estatal y en el Icatlax\u201d, asever\u00f3.<\/p>\n\n\n\n<p>En su oportunidad, el Presidente Municipal de Tepetitla, Carlos Fern\u00e1ndez Nieves, subray\u00f3 la labor que realiza el Icatlax en su circunscripci\u00f3n y en sus \u00e1reas de influencia, al impartir conocimientos que mejoran la calidad de vida de los pobladores.<\/p>\n\n\n\n<p>En tanto, Miguel \u00c1ngel Castro Franco, Director de la Unidad de Tepetitla, recalc\u00f3 el esfuerzo, tiempo y dedicaci\u00f3n que realiz\u00f3 cada uno de los graduados, valores que les permitieron alcanzar la meta trazada y culminar con \u00e9xito su proceso de formaci\u00f3n, que les traer\u00e1 grandes beneficios.<\/p>\n\n\n\n<p>Tras hacer un exhorto a sus compa\u00f1eros para no claudicar hasta alcanzar sus metas, Oralia Loredo Urbano, en representaci\u00f3n de los graduados, destac\u00f3 el trabajo que lleva a cabo la Administraci\u00f3n Estatal, a trav\u00e9s del Icatlax.<\/p>\n\n\n\n<p>Ente los cursos que concluyeron se encuentran: operaci\u00f3n de base de datos, alta costura, reparaci\u00f3n de sistema de embrague, corte y peinado del cabello, reposter\u00eda fina, trabajos de papel y cart\u00f3n, bordado con list\u00f3n avanzado, Windows e Internet y cuidados faciales y corporales.<\/p>\n","protected":false},"excerpt":{"rendered":"<p>\u2022&nbsp;El Director General, Manuel Camacho Higareda, encabez\u00f3 la ceremonia de entrega de constancias. El Director General del Instituto de Capacitaci\u00f3n para el Trabajo del Estado de Tlaxcala (Icatlax), Manuel Camacho Higareda, felicit\u00f3 a 305 mujeres y hombres que adquirieron preparaci\u00f3n para integrarse al autoempleo o alguna \u00e1rea productiva, a trav\u00e9s de los diferentes cursos que [&hellip;]<\/p>\n","protected":false},"author":12,"featured_media":0,"comment_status":"closed","ping_status":"open","sticky":false,"template":"","format":"standard","meta":{"om_disable_all_campaigns":false,"_monsterinsights_skip_tracking":false,"_monsterinsights_sitenote_active":false,"_monsterinsights_sitenote_note":"","_monsterinsights_sitenote_category":0,"jnews-multi-image_gallery":[],"jnews_single_post":[],"jnews_primary_category":[],"footnotes":""},"categories":[],"tags":[],"class_list":["post-55575","post","type-post","status-publish","format-standard","hentry"],"aioseo_notices":[],"_links":{"self":[{"href":"https:\/\/estado29.mx\/index.php?rest_route=\/wp\/v2\/posts\/55575","targetHints":{"allow":["GET"]}}],"collection":[{"href":"https:\/\/estado29.mx\/index.php?rest_route=\/wp\/v2\/posts"}],"about":[{"href":"https:\/\/estado29.mx\/index.php?rest_route=\/wp\/v2\/types\/post"}],"author":[{"embeddable":true,"href":"https:\/\/estado29.mx\/index.php?rest_route=\/wp\/v2\/users\/12"}],"replies":[{"embeddable":true,"href":"https:\/\/estado29.mx\/index.php?rest_route=%2Fwp%2Fv2%2Fcomments&post=55575"}],"version-history":[{"count":1,"href":"https:\/\/estado29.mx\/index.php?rest_route=\/wp\/v2\/posts\/55575\/revisions"}],"predecessor-version":[{"id":55578,"href":"https:\/\/estado29.mx\/index.php?rest_route=\/wp\/v2\/posts\/55575\/revisions\/55578"}],"wp:attachment":[{"href":"https:\/\/estado29.mx\/index.php?rest_route=%2Fwp%2Fv2%2Fmedia&parent=55575"}],"wp:term":[{"taxonomy":"category","embeddable":true,"href":"https:\/\/estado29.mx\/index.php?rest_route=%2Fwp%2Fv2%2Fcategories&post=55575"},{"taxonomy":"post_tag","embeddable":true,"href":"https:\/\/estado29.mx\/index.php?rest_route=%2Fwp%2Fv2%2Ftags&post=55575"}],"curies":[{"name":"wp","href":"https:\/\/api.w.org\/{rel}","templated":true}]}}