{"id":55583,"date":"2019-11-25T07:32:01","date_gmt":"2019-11-25T13:32:01","guid":{"rendered":"http:\/\/estado29.mx\/?p=55583"},"modified":"2019-11-25T07:32:10","modified_gmt":"2019-11-25T13:32:10","slug":"el-pri-es-un-partido-que-se-fortalece-en-unidad-roberto-lima","status":"publish","type":"post","link":"https:\/\/estado29.mx\/?p=55583","title":{"rendered":"El PRI es un partido que se fortalece en unidad: Roberto Lima"},"content":{"rendered":"\n<p>\u00b7&nbsp;&nbsp;&nbsp;&nbsp;&nbsp;&nbsp;<em>En sesi\u00f3n extraordinaria se tom\u00f3 protesta a los nuevos integrantes del Consejo Pol\u00edtico Estatal y se aprob\u00f3 el m\u00e9todo para la elecci\u00f3n de la nueva Dirigencia Local.<\/em><\/p>\n\n\n\n<p>Hoy el priismo tlaxcalteca en un proceso transparente y democr\u00e1tico en donde busca fortalecer la unidad del partido, tom\u00f3 protesta a los nuevos integrantes del Consejo Pol\u00edtico Estatal y eligi\u00f3 el m\u00e9todo para la elecci\u00f3n de la nueva Dirigencia Local.<\/p>\n\n\n\n<p>En el evento que se realiz\u00f3 en el auditorio de la Confederaci\u00f3n Nacional de Campesinos (CNC), el l\u00edder del Partido Revolucionario Institucional, Roberto Lima Morales, indic\u00f3 que la nueva dirigencia del Comit\u00e9 Directivo Estatal se elegir\u00e1 por el m\u00e9todo de asamblea consejeras y consejeros para el per\u00edodo 2020-2024, mismo que ser\u00e1 aprobado por los 456 elegidos en todo el estado.<\/p>\n\n\n\n<p>El dirigente del tricolor inform\u00f3 que en un plazo de 10 d\u00edas, posterior a este consejo es cuando se har\u00e1 la publicaci\u00f3n de la convocatoria para que los interesados se registren en busca de la titularidad de la Presidencia y la Secretar\u00eda General del Comit\u00e9 Directivo Estatal.<\/p>\n\n\n\n<p>En su intervenci\u00f3n, el Presidente del PRI enfatiz\u00f3 que este momento es trascendente para recuperar la estabilidad del pa\u00eds y la credibilidad del partido, luego de que en el presupuesto federal, Morena anunci\u00f3 la reducci\u00f3n al presupuesto al campo, el incremento de la edad para que los adultos mayores reciban un apoyo econ\u00f3mico, as\u00ed como la reducci\u00f3n de becas para estudiantes que en Tlaxcala afect\u00f3 a siete mil j\u00f3venes.<\/p>\n\n\n\n<p>En la sesi\u00f3n extraordinaria, conmin\u00f3 a los pri\u00edstas tlaxcaltecas a luchar y defender al pa\u00eds, adem\u00e1s de compartir con todos, familiares y amigos los buenos n\u00fameros que registra la entidad, pues, dijo, somos el \u00fanico estado a nivel nacional sin deuda p\u00fablica, que crece al 4.4 por ciento en materia econ\u00f3mica, que tiene importantes proyectos carreteros, hospitalarios y la culminaci\u00f3n del estadio Tlahuicole, entre otras acciones en beneficio de miles de tlaxcaltecas.<\/p>\n\n\n\n<p>En ese sentido, convoc\u00f3 a los pri\u00edstas a qu\u00e9 en unidad elijan a la nueva Dirigencia Estatal para fortalecer al partido y lograr que Tlaxcala tenga un mayor desarrollo, crecimiento y paz social.<\/p>\n\n\n\n<p>En su mensaje Yolanda Eugenia Gonz\u00e1lez Hern\u00e1ndez, Delegada Nacional del CEN del PRI en Tlaxcala reiter\u00f3 del compromiso y responsabilidad del partido ante la elecci\u00f3n de la Dirigencia Estatal, adem\u00e1s de los retos que enfrentar\u00e1n de cara al proceso electoral del 2021, en donde dijo sera vigilantes de que el proceso sea abierto y transparente.<\/p>\n\n\n\n<p>La Delegada invit\u00f3 a reflexionar sobre las acciones que han realizado los Gobiernos pri\u00edstas como el de Marco Mena, que apuesta por la infraestructura carretera, la&nbsp;&nbsp;salud, el campo, y los servicios que son indispensables en la vida cotidiana.&nbsp;<\/p>\n\n\n\n<p>Cuestion\u00f3 el compromiso del actual Gobierno Federal y la situaci\u00f3n de los programas sociales que se crearon para la gente m\u00e1s vulnerable y que menos tiene pero que no impulsa su desarrollo y bienestar.<\/p>\n\n\n\n<p>Por \u00faltimo reconoci\u00f3 el trabajo que ha realizado el Gobernador priista, Marco Mena para el crecimiento y progreso de la entidad, resultados que se ven reflejados en acciones de impacto en materia econ\u00f3mica, de salud e infraestructura, entre otros rubros.<\/p>\n","protected":false},"excerpt":{"rendered":"<p>\u00b7&nbsp;&nbsp;&nbsp;&nbsp;&nbsp;&nbsp;En sesi\u00f3n extraordinaria se tom\u00f3 protesta a los nuevos integrantes del Consejo Pol\u00edtico Estatal y se aprob\u00f3 el m\u00e9todo para la elecci\u00f3n de la nueva Dirigencia Local. Hoy el priismo tlaxcalteca en un proceso transparente y democr\u00e1tico en donde busca fortalecer la unidad del partido, tom\u00f3 protesta a los nuevos integrantes del Consejo Pol\u00edtico Estatal [&hellip;]<\/p>\n","protected":false},"author":12,"featured_media":0,"comment_status":"closed","ping_status":"open","sticky":false,"template":"","format":"standard","meta":{"om_disable_all_campaigns":false,"_monsterinsights_skip_tracking":false,"_monsterinsights_sitenote_active":false,"_monsterinsights_sitenote_note":"","_monsterinsights_sitenote_category":0,"jnews-multi-image_gallery":[],"jnews_single_post":[],"jnews_primary_category":[],"footnotes":""},"categories":[],"tags":[],"class_list":["post-55583","post","type-post","status-publish","format-standard","hentry"],"aioseo_notices":[],"_links":{"self":[{"href":"https:\/\/estado29.mx\/index.php?rest_route=\/wp\/v2\/posts\/55583","targetHints":{"allow":["GET"]}}],"collection":[{"href":"https:\/\/estado29.mx\/index.php?rest_route=\/wp\/v2\/posts"}],"about":[{"href":"https:\/\/estado29.mx\/index.php?rest_route=\/wp\/v2\/types\/post"}],"author":[{"embeddable":true,"href":"https:\/\/estado29.mx\/index.php?rest_route=\/wp\/v2\/users\/12"}],"replies":[{"embeddable":true,"href":"https:\/\/estado29.mx\/index.php?rest_route=%2Fwp%2Fv2%2Fcomments&post=55583"}],"version-history":[{"count":1,"href":"https:\/\/estado29.mx\/index.php?rest_route=\/wp\/v2\/posts\/55583\/revisions"}],"predecessor-version":[{"id":55586,"href":"https:\/\/estado29.mx\/index.php?rest_route=\/wp\/v2\/posts\/55583\/revisions\/55586"}],"wp:attachment":[{"href":"https:\/\/estado29.mx\/index.php?rest_route=%2Fwp%2Fv2%2Fmedia&parent=55583"}],"wp:term":[{"taxonomy":"category","embeddable":true,"href":"https:\/\/estado29.mx\/index.php?rest_route=%2Fwp%2Fv2%2Fcategories&post=55583"},{"taxonomy":"post_tag","embeddable":true,"href":"https:\/\/estado29.mx\/index.php?rest_route=%2Fwp%2Fv2%2Ftags&post=55583"}],"curies":[{"name":"wp","href":"https:\/\/api.w.org\/{rel}","templated":true}]}}