{"id":55592,"date":"2019-11-25T13:27:29","date_gmt":"2019-11-25T19:27:29","guid":{"rendered":"http:\/\/estado29.mx\/?p=55592"},"modified":"2019-11-25T13:27:38","modified_gmt":"2019-11-25T19:27:38","slug":"dia-internacional-de-la-eliminacion-de-la-violencia-contra-las-mujeres","status":"publish","type":"post","link":"https:\/\/estado29.mx\/?p=55592","title":{"rendered":"D\u00eda Internacional de la eliminaci\u00f3n de la violencia contra las mujeres"},"content":{"rendered":"\n<p>Este d\u00eda\n25 de noviembre, como cada a\u00f1o se conmemora el D\u00eda Internacional de la\neliminaci\u00f3n de la violencia contra las mujeres y es fundamental continuar\ninsistiendo en la necesidad de erradicar esta pr\u00e1ctica de discriminaci\u00f3n que\nlastima a 3 de cada diez mujeres en el mundo, quienes sufren violencia f\u00edsica y\nsexual por parte de sus propias parejas.<\/p>\n\n\n\n<p>&nbsp;&nbsp;&nbsp;&nbsp;&nbsp;&nbsp;&nbsp;&nbsp;&nbsp;&nbsp;&nbsp; No debemos dejar de se\u00f1alar el alto\nimpacto que deja en la salud de las mujeres la violencia que sufren a lo largo\nde su vida, la Organizaci\u00f3n de las Naciones Unidas ha se\u00f1alado que \u201cLa\nviolencia contra la mujer es una causa de muerte e incapacidad entre las\nmujeres en edad reproductiva tan grave como el c\u00e1ncer y es una causa de mala\nsalud mayor que los accidentes de tr\u00e1nsito y la malaria combinados.\u201d (ONU,\n2018)<\/p>\n\n\n\n<p>&nbsp;&nbsp;&nbsp;&nbsp;&nbsp;&nbsp;&nbsp;&nbsp;&nbsp;&nbsp;&nbsp; Resulta un lugar com\u00fan se\u00f1alar las\ncifras y estimaciones del grave problema de violencia que principalmente afecta\na las mujeres y a la ni\u00f1as, innecesario; ya todos y todas sabemos que las\nmujeres a lo largo de nuestra vida y en los diversos espacios en que vivimos\nsomos violentadas. Ahora es necesario decir por qu\u00e9 sucede y cu\u00e1les son las\nresponsabilidades de todos ante esta grave problem\u00e1tica que mata a muchas y\ndeja como muertas en vida a otras, arrastrando cada d\u00eda el dolor y sufrimiento\nque produce la violencia.<\/p>\n\n\n\n<p>&nbsp;&nbsp;&nbsp;&nbsp;&nbsp;&nbsp;&nbsp;&nbsp;&nbsp;&nbsp;&nbsp; El origen de toda discriminaci\u00f3n se\nbasa en el abuso de poder que una persona ejerce sobre las dem\u00e1s con quienes\ntiene una relaci\u00f3n jer\u00e1rquica, los esposos o parejas hacia las esposas, ellas\ncon sus hijos\/as, los hermanos hacia las hermanas, los t\u00edos, los abuelos, los\ncuidadores hacia quienes se supone deben cuidar y proteger. En el \u00e1mbito\nlaboral, puede darse la violencia de superiores jer\u00e1rquicos hacia sus\nsubordinados, de \u00e9stos contra los jefes y entre pares es posible tambi\u00e9n. &nbsp;&nbsp;&nbsp;&nbsp;&nbsp;&nbsp; <\/p>\n\n\n\n<p>&nbsp;&nbsp;&nbsp;&nbsp;&nbsp;&nbsp;&nbsp;&nbsp;&nbsp;&nbsp;&nbsp; La violencia contra las mujeres se\nproduce a lo largo de su ciclo de vida y en todas las esferas en las que se\ndesarrolla: en la calle, en la escuela, en las redes sociales y en las\ninstituciones. Esto ocurre hacia las mujeres por el simple hecho de serlo, por\nser consideradas inferiores, d\u00e9biles, objetos que sirven a los otros. Frente a\nesta problem\u00e1tica lo que corresponde es que el Estado Mexicano asuma su\nresponsabilidad de salvaguardar&nbsp; y\nproteger la vida e integridad de las mujeres. A la sociedad le corresponde ir\ncambiando esa forma de pensar respecto a ellas y entender que el contexto\nactual nos exige repensar que somos seres humanos, somos personas y por ese\nsimple hecho, reconocer nuestro derecho a vivir en paz.<\/p>\n\n\n\n<p>&nbsp;&nbsp;&nbsp;&nbsp;&nbsp;&nbsp;&nbsp;&nbsp;&nbsp;&nbsp;&nbsp; En la casa, en la calle, en el\ntrabajo, en la escuela y en las instituciones debemos tener tolerancia cero a\nla violencia, no hay otra forma de erradicarla. Atendamos la propuesta de Mar\u00eda\nJes\u00fas Izquierdo, pacifiquemos a trav\u00e9s del dolor que nos ha producido la\nviolencia a quienes la hemos padecido y establezcamos reglas que regulen\nnuestro comportamiento en sociedad, sancionando, sin simulaciones, a todo aqu\u00e9l\nque las incumpla al violentar a las dem\u00e1s. <\/p>\n","protected":false},"excerpt":{"rendered":"<p>Este d\u00eda 25 de noviembre, como cada a\u00f1o se conmemora el D\u00eda Internacional de la eliminaci\u00f3n de la violencia contra las mujeres y es fundamental continuar insistiendo en la necesidad de erradicar esta pr\u00e1ctica de discriminaci\u00f3n que lastima a 3 de cada diez mujeres en el mundo, quienes sufren violencia f\u00edsica y sexual por parte [&hellip;]<\/p>\n","protected":false},"author":12,"featured_media":0,"comment_status":"closed","ping_status":"open","sticky":false,"template":"","format":"standard","meta":{"om_disable_all_campaigns":false,"_monsterinsights_skip_tracking":false,"_monsterinsights_sitenote_active":false,"_monsterinsights_sitenote_note":"","_monsterinsights_sitenote_category":0,"jnews-multi-image_gallery":[],"jnews_single_post":[],"jnews_primary_category":[],"footnotes":""},"categories":[],"tags":[],"class_list":["post-55592","post","type-post","status-publish","format-standard","hentry"],"aioseo_notices":[],"_links":{"self":[{"href":"https:\/\/estado29.mx\/index.php?rest_route=\/wp\/v2\/posts\/55592","targetHints":{"allow":["GET"]}}],"collection":[{"href":"https:\/\/estado29.mx\/index.php?rest_route=\/wp\/v2\/posts"}],"about":[{"href":"https:\/\/estado29.mx\/index.php?rest_route=\/wp\/v2\/types\/post"}],"author":[{"embeddable":true,"href":"https:\/\/estado29.mx\/index.php?rest_route=\/wp\/v2\/users\/12"}],"replies":[{"embeddable":true,"href":"https:\/\/estado29.mx\/index.php?rest_route=%2Fwp%2Fv2%2Fcomments&post=55592"}],"version-history":[{"count":1,"href":"https:\/\/estado29.mx\/index.php?rest_route=\/wp\/v2\/posts\/55592\/revisions"}],"predecessor-version":[{"id":55594,"href":"https:\/\/estado29.mx\/index.php?rest_route=\/wp\/v2\/posts\/55592\/revisions\/55594"}],"wp:attachment":[{"href":"https:\/\/estado29.mx\/index.php?rest_route=%2Fwp%2Fv2%2Fmedia&parent=55592"}],"wp:term":[{"taxonomy":"category","embeddable":true,"href":"https:\/\/estado29.mx\/index.php?rest_route=%2Fwp%2Fv2%2Fcategories&post=55592"},{"taxonomy":"post_tag","embeddable":true,"href":"https:\/\/estado29.mx\/index.php?rest_route=%2Fwp%2Fv2%2Ftags&post=55592"}],"curies":[{"name":"wp","href":"https:\/\/api.w.org\/{rel}","templated":true}]}}