{"id":55682,"date":"2019-11-26T15:20:32","date_gmt":"2019-11-26T21:20:32","guid":{"rendered":"http:\/\/estado29.mx\/?p=55682"},"modified":"2019-11-26T15:20:40","modified_gmt":"2019-11-26T21:20:40","slug":"marco-mena-inaugura-segundo-foro-de-proveeduria-regional","status":"publish","type":"post","link":"https:\/\/estado29.mx\/?p=55682","title":{"rendered":"Marco Mena inaugura segundo foro de proveedur\u00eda regional"},"content":{"rendered":"\n<p>\u00b7&nbsp;<em>El Gobernador dio a conocer que el encuentro re\u00fane a empresas de diversas industrias de 15 estados del pa\u00eds y registra m\u00e1s de 200 requerimientos de compra.<\/em><\/p>\n\n\n\n<p>El Gobernador Marco Mena inaugur\u00f3 el Segundo Foro de Proveedur\u00eda Regional Corredor Industrial Zona Centro, donde afirm\u00f3 que este encuentro genera beneficios mutuos para compradores y vendedores de diversas industrias que se reflejan en el desarrollo econ\u00f3mico, generaci\u00f3n de empleos formales e ingreso para las familias de la entidad.<\/p>\n\n\n\n<p>En el Centro de Convenciones, el Gobernador Mena explic\u00f3 que este Foro re\u00fane a empresas de 15 estados y registra m\u00e1s de 200 requerimientos de compra que impactar\u00e1n positivamente a toda la poblaci\u00f3n de la regi\u00f3n centro del pa\u00eds, donde Tlaxcala se consolida como actor econ\u00f3mico en crecimiento, principalmente, en el sector de la manufactura automotriz. &nbsp;&nbsp;<\/p>\n\n\n\n<p>En este sentido, Alberto Bustamante Gonz\u00e1lez, Director de Comercio Exterior y Normalizaci\u00f3n de la Industria Nacional de Autopartes (INA), dio a conocer que Tlaxcala es el sexto lugar nacional en fabricaci\u00f3n de autopartes; adem\u00e1s, alberga empresas de primer nivel que con mano de obra local desarrollan arneses y asientos, entre otros productos para las principales armadoras.<\/p>\n\n\n\n<p>Asimismo, el Gobernador Marco Mena reiter\u00f3 la visi\u00f3n de respaldar y facilitar proyectos de empresarios que promueven la llegada de capital extranjero a M\u00e9xico y Tlaxcala, y aprovechar las oportunidades que presenta el sector de las autopartes en la regi\u00f3n.<\/p>\n\n\n\n<p>Marco Mena refrend\u00f3 el compromiso de la Administraci\u00f3n Estatal para utilizar todas las ventajas competitivas que posee Tlaxcala y lograr la atracci\u00f3n de m\u00e1s inversi\u00f3n privada.<\/p>\n\n\n\n<p>Durante su mensaje, el Gobernador Mena destac\u00f3 que el estado fortalece los contactos comerciales con Asia, con el prop\u00f3sito de ampliar las inversiones que ya existen procedentes de este continente, y mantener el momento positivo que registra Tlaxcala en materia de desarrollo industrial con un \u00edndice superior a los 15 puntos porcentuales, de acuerdo con cifras del Inegi.<\/p>\n\n\n\n<p>El Director de Comercio Exterior y Normalizaci\u00f3n de la INA, Alberto Bustamante Gonz\u00e1lez, manifest\u00f3 su apoyo a este tipo de eventos que permiten la vinculaci\u00f3n de proveedores y compradores.<\/p>\n\n\n\n<p>En tanto, Ren\u00e9 Mendoza Acosta, Coordinador Nacional del Cat\u00e1logo de Proveedores de la Industria en M\u00e9xico, reconoci\u00f3 el trabajo del Gobierno del Estado para mantener el desarrollo y crecimiento econ\u00f3mico positivo de Tlaxcala.<\/p>\n\n\n\n<p>Eduardo Medrano Escobar, Presidente de la Asociaci\u00f3n Mexicana de Manufactura de Moldes y Troqueles, subray\u00f3 que el Segundo Foro de Proveedur\u00eda Regional Corredor Industrial Zona Centro brinda la oportunidad de reducir la importaci\u00f3n de herramentales en M\u00e9xico, en beneficio de empresas nacionales.<\/p>\n\n\n\n<p>Cabe se\u00f1alar que el Foro, que se desarrolla en Tlaxcala este 26 y 27 de noviembre, re\u00fane a m\u00e1s de 150 empresas compradoras y proveedoras de estados como Chihuahua, Jalisco, Quer\u00e9taro, Nuevo Le\u00f3n, Estado de M\u00e9xico, Hidalgo, Puebla, Veracruz, Coahuila, Ciudad de M\u00e9xico, Morelos, Baja California y Tamaulipas.<\/p>\n\n\n\n<p>Al evento asistieron Jorge Luis V\u00e1zquez Rodr\u00edguez, Secretario de Desarrollo Econ\u00f3mico; Ulrich Roberto Thoma Kiwus, Presidente del Cl\u00faster Automotriz Zona Centro y Marcos del Rosario Haget, Presidente del Comit\u00e9 Tlaxcala del Cl\u00faster Automotriz Zona Centro, as\u00ed como presidentes de c\u00e1maras empresariales, rectores, funcionarios del Gobierno Estatal y alumnos de diversas instituciones educativas.<\/p>\n","protected":false},"excerpt":{"rendered":"<p>\u00b7&nbsp;El Gobernador dio a conocer que el encuentro re\u00fane a empresas de diversas industrias de 15 estados del pa\u00eds y registra m\u00e1s de 200 requerimientos de compra. El Gobernador Marco Mena inaugur\u00f3 el Segundo Foro de Proveedur\u00eda Regional Corredor Industrial Zona Centro, donde afirm\u00f3 que este encuentro genera beneficios mutuos para compradores y vendedores de [&hellip;]<\/p>\n","protected":false},"author":12,"featured_media":0,"comment_status":"closed","ping_status":"open","sticky":false,"template":"","format":"standard","meta":{"om_disable_all_campaigns":false,"_monsterinsights_skip_tracking":false,"_monsterinsights_sitenote_active":false,"_monsterinsights_sitenote_note":"","_monsterinsights_sitenote_category":0,"jnews-multi-image_gallery":[],"jnews_single_post":[],"jnews_primary_category":[],"footnotes":""},"categories":[],"tags":[],"class_list":["post-55682","post","type-post","status-publish","format-standard","hentry"],"aioseo_notices":[],"_links":{"self":[{"href":"https:\/\/estado29.mx\/index.php?rest_route=\/wp\/v2\/posts\/55682","targetHints":{"allow":["GET"]}}],"collection":[{"href":"https:\/\/estado29.mx\/index.php?rest_route=\/wp\/v2\/posts"}],"about":[{"href":"https:\/\/estado29.mx\/index.php?rest_route=\/wp\/v2\/types\/post"}],"author":[{"embeddable":true,"href":"https:\/\/estado29.mx\/index.php?rest_route=\/wp\/v2\/users\/12"}],"replies":[{"embeddable":true,"href":"https:\/\/estado29.mx\/index.php?rest_route=%2Fwp%2Fv2%2Fcomments&post=55682"}],"version-history":[{"count":1,"href":"https:\/\/estado29.mx\/index.php?rest_route=\/wp\/v2\/posts\/55682\/revisions"}],"predecessor-version":[{"id":55685,"href":"https:\/\/estado29.mx\/index.php?rest_route=\/wp\/v2\/posts\/55682\/revisions\/55685"}],"wp:attachment":[{"href":"https:\/\/estado29.mx\/index.php?rest_route=%2Fwp%2Fv2%2Fmedia&parent=55682"}],"wp:term":[{"taxonomy":"category","embeddable":true,"href":"https:\/\/estado29.mx\/index.php?rest_route=%2Fwp%2Fv2%2Fcategories&post=55682"},{"taxonomy":"post_tag","embeddable":true,"href":"https:\/\/estado29.mx\/index.php?rest_route=%2Fwp%2Fv2%2Ftags&post=55682"}],"curies":[{"name":"wp","href":"https:\/\/api.w.org\/{rel}","templated":true}]}}