{"id":55686,"date":"2019-11-26T15:24:35","date_gmt":"2019-11-26T21:24:35","guid":{"rendered":"http:\/\/estado29.mx\/?p=55686"},"modified":"2019-11-26T15:24:43","modified_gmt":"2019-11-26T21:24:43","slug":"consigue-pgje-vinculacion-a-proceso-por-secuestro-expres","status":"publish","type":"post","link":"https:\/\/estado29.mx\/?p=55686","title":{"rendered":"Consigue PGJE vinculaci\u00f3n a proceso por secuestro expr\u00e9s"},"content":{"rendered":"\n<p>\u00b7&nbsp;&nbsp;&nbsp;&nbsp;&nbsp;&nbsp;&nbsp;&nbsp;&nbsp;&nbsp;&nbsp;&nbsp;&nbsp;<em>El imputado cuenta con antecedentes penales a nivel federal por portaci\u00f3n de armas de fuego y drogas.&nbsp;<\/em><\/p>\n\n\n\n<p>La Procuradur\u00eda General de Justicia del Estado (PGJE) consigui\u00f3 de un Juez de Control la vinculaci\u00f3n a proceso en contra de Gerardo Maximiliano N., por el delito de secuestro expr\u00e9s, por lo que enfrentar\u00e1 su investigaci\u00f3n en prisi\u00f3n preventiva oficiosa.&nbsp;<\/p>\n\n\n\n<p>De acuerdo a la Carpeta de Investigaci\u00f3n , se tuvo conocimiento que en julio de este a\u00f1o, el imputado amag\u00f3 a una persona del sexo masculino con un arma de fuego para privarlo de la libertad con el prop\u00f3sito de cometer secuestro expr\u00e9s en la carretera M\u00e9xico-Veracruz, a la altura del municipio de Hueyotlipan.&nbsp;&nbsp;<\/p>\n\n\n\n<p>Sin embargo, tras un operativo efectuado por la Polic\u00eda de Investigaci\u00f3n se logr\u00f3 rescatar a la v\u00edctima sana y salva; adem\u00e1s, se gir\u00f3 la orden de aprehensi\u00f3n correspondiente en contra de Gerardo Maximiliano N., la cual fue cumplimentada en el municipio de Apizaco, luego de que obtuvo su libertad por las posesi\u00f3n de un arma de fuego.&nbsp;<\/p>\n\n\n\n<p>Durante el desarrollo de su audiencia inicial, el Agente del Ministerio P\u00fablico aport\u00f3 datos de prueba contundentes que permitieron al Juez de Control vincularlo a proceso, decretar prisi\u00f3n preventiva oficiosa como medida cautelar y fijar cuatro meses de investigaci\u00f3n complementaria.&nbsp;&nbsp;<\/p>\n\n\n\n<p>Cabe se\u00f1alar que el imputado cuenta con antecedentes penales en la entonces Procuradur\u00eda General de la Rep\u00fablica (PGR) en septiembre de 2008, cuando lo arraigaron por la posesi\u00f3n de 200 kilogramos de mariguana, uniformes tipo militar, chalecos antibalas, ocho armas de fuego largas, dos pistolas, una granada, cartuchos y equipo t\u00e1ctico.<\/p>\n\n\n\n<p>Con estas acciones, la Procuradur\u00eda de Tlaxcala garantiza cerrar filas en contra de personas originarias&nbsp;&nbsp;de diferentes zonas del pa\u00eds, con el prop\u00f3sito de evitar que cometan actos delictivos en territorio tlaxcalteca.&nbsp;&nbsp;<\/p>\n","protected":false},"excerpt":{"rendered":"<p>\u00b7&nbsp;&nbsp;&nbsp;&nbsp;&nbsp;&nbsp;&nbsp;&nbsp;&nbsp;&nbsp;&nbsp;&nbsp;&nbsp;El imputado cuenta con antecedentes penales a nivel federal por portaci\u00f3n de armas de fuego y drogas.&nbsp; La Procuradur\u00eda General de Justicia del Estado (PGJE) consigui\u00f3 de un Juez de Control la vinculaci\u00f3n a proceso en contra de Gerardo Maximiliano N., por el delito de secuestro expr\u00e9s, por lo que enfrentar\u00e1 su investigaci\u00f3n en prisi\u00f3n [&hellip;]<\/p>\n","protected":false},"author":12,"featured_media":0,"comment_status":"closed","ping_status":"open","sticky":false,"template":"","format":"standard","meta":{"om_disable_all_campaigns":false,"_monsterinsights_skip_tracking":false,"_monsterinsights_sitenote_active":false,"_monsterinsights_sitenote_note":"","_monsterinsights_sitenote_category":0,"jnews-multi-image_gallery":[],"jnews_single_post":[],"jnews_primary_category":[],"footnotes":""},"categories":[],"tags":[],"class_list":["post-55686","post","type-post","status-publish","format-standard","hentry"],"aioseo_notices":[],"_links":{"self":[{"href":"https:\/\/estado29.mx\/index.php?rest_route=\/wp\/v2\/posts\/55686","targetHints":{"allow":["GET"]}}],"collection":[{"href":"https:\/\/estado29.mx\/index.php?rest_route=\/wp\/v2\/posts"}],"about":[{"href":"https:\/\/estado29.mx\/index.php?rest_route=\/wp\/v2\/types\/post"}],"author":[{"embeddable":true,"href":"https:\/\/estado29.mx\/index.php?rest_route=\/wp\/v2\/users\/12"}],"replies":[{"embeddable":true,"href":"https:\/\/estado29.mx\/index.php?rest_route=%2Fwp%2Fv2%2Fcomments&post=55686"}],"version-history":[{"count":1,"href":"https:\/\/estado29.mx\/index.php?rest_route=\/wp\/v2\/posts\/55686\/revisions"}],"predecessor-version":[{"id":55689,"href":"https:\/\/estado29.mx\/index.php?rest_route=\/wp\/v2\/posts\/55686\/revisions\/55689"}],"wp:attachment":[{"href":"https:\/\/estado29.mx\/index.php?rest_route=%2Fwp%2Fv2%2Fmedia&parent=55686"}],"wp:term":[{"taxonomy":"category","embeddable":true,"href":"https:\/\/estado29.mx\/index.php?rest_route=%2Fwp%2Fv2%2Fcategories&post=55686"},{"taxonomy":"post_tag","embeddable":true,"href":"https:\/\/estado29.mx\/index.php?rest_route=%2Fwp%2Fv2%2Ftags&post=55686"}],"curies":[{"name":"wp","href":"https:\/\/api.w.org\/{rel}","templated":true}]}}