{"id":55694,"date":"2019-11-26T21:02:50","date_gmt":"2019-11-27T03:02:50","guid":{"rendered":"http:\/\/estado29.mx\/?p=55694"},"modified":"2019-11-26T21:03:00","modified_gmt":"2019-11-27T03:03:00","slug":"participara-pan-en-la-marcha-del-1-de-diciembre-contra-gobierno-de-amlo","status":"publish","type":"post","link":"https:\/\/estado29.mx\/?p=55694","title":{"rendered":"Participar\u00e1 PAN en la marcha del 1 de diciembre contra gobierno de AMLO"},"content":{"rendered":"\n<p>El dirigente del Partido Acci\u00f3n Nacional (PAN), Marko\nCort\u00e9s Mendoza anunci\u00f3 la participaci\u00f3n del instituto pol\u00edtico en la marcha que\norganizan diversas organizaciones sociales el 1 de diciembre en el que exigir\u00e1n\nal Presidente de la Rep\u00fablica, Andr\u00e9s Manuel L\u00f3pez Obrador que cumpla sus\npromesas. <\/p>\n\n\n\n<p>Durante su estancia en Tlaxcala para tomar protesta a los\nintegrantes del Consejo Pol\u00edtico Estatal, el dirigente dijo que en esa\nmanifestaci\u00f3n en la Ciudad de M\u00e9xico reclamar\u00e1n la recesi\u00f3n econ\u00f3mica en la que\nse encuentra el Pa\u00eds, la inseguridad, la falta de empleos, el recorte\npresupuestal a varios sectores como el campo, entre otros aspectos en los que\ndijo fuimos de mal en peor. <\/p>\n\n\n\n<p>\u201cLa mala noticia es que el gobierno de Pe\u00f1a Nieto que fue\nmuy malo le dej\u00f3 el PIB &nbsp;en 2 por ciento,\ny hoy est\u00e1 en cero, pasamos de mal en peor con L\u00f3pez Obrador en materia econ\u00f3mica;\nvamos a exigir seguridad, vamos a exigir que se logre la paz en el Pa\u00eds porque tambi\u00e9n\nlas cosas est\u00e1n muy mal en materia de seguridad hay m\u00e1s muertos, violencia,\nsecuestros, robos con datos oficiales, se est\u00e1 descomponiendo el pa\u00eds y Acci\u00f3n\nNacional se suma a esta convocatoria de los ciudadanos y a la par hacemos una\nconvocatoria a toda la sociedad para que logremos todos juntos exigirle al\ngobierno que escuche y que se deje ayudar\u201d, declar\u00f3. <\/p>\n\n\n\n<p>En conferencia de prensa en la sede estatal del PAN, en\nla que estuvo acompa\u00f1ado del dirigente estatal del partido, Gilberto Temotzi\nMart\u00ednez, diputados locales, presidentes municipales, y legisladores federales,\nen la que tambi\u00e9n mencion\u00f3 que con L\u00f3pez Obrador el Pa\u00eds pas\u00f3 \u201cde mal en peor\u201d\nen materia econ\u00f3mica al grado de estar en estos momentos en recesi\u00f3n econ\u00f3mica.\n<\/p>\n\n\n\n<p>Adem\u00e1s, dijo que AMLO tambi\u00e9n ha quedado a deber al\nsector campesino, el que est\u00e1 reprimido y se prev\u00e9 una disminuci\u00f3n en la producci\u00f3n\nganadera y agr\u00edcola lo que provocar\u00e1 ser\u00e1 escases e incremento de precios. <\/p>\n\n\n\n<p>En materia de generaci\u00f3n de empleo, Marko Cort\u00e9s dijo que\nhay una diminuci\u00f3n en el n\u00famero de plazas con seguridad social de hasta 289\nmil; aunado a que el Presupuesto de Egresos de la Federaci\u00f3n (PEF) 2020 aprobado\nrecientemente es clientelar para ganar adeptos, pero no para generar\ncondiciones de inversi\u00f3n con miras a generar empleos. <\/p>\n\n\n\n<p>En materia electoral, reiter\u00f3 que para el CEN del PAN\nTlaxcala es prioridad para el proceso electoral &nbsp;del 2021 en el que se renovar\u00e1 la gubernatura,\nlas diputaciones locales, y presidencias municipales. <\/p>\n","protected":false},"excerpt":{"rendered":"<p>El dirigente del Partido Acci\u00f3n Nacional (PAN), Marko Cort\u00e9s Mendoza anunci\u00f3 la participaci\u00f3n del instituto pol\u00edtico en la marcha que organizan diversas organizaciones sociales el 1 de diciembre en el que exigir\u00e1n al Presidente de la Rep\u00fablica, Andr\u00e9s Manuel L\u00f3pez Obrador que cumpla sus promesas. Durante su estancia en Tlaxcala para tomar protesta a los [&hellip;]<\/p>\n","protected":false},"author":31,"featured_media":0,"comment_status":"closed","ping_status":"open","sticky":false,"template":"","format":"standard","meta":{"om_disable_all_campaigns":false,"_monsterinsights_skip_tracking":false,"_monsterinsights_sitenote_active":false,"_monsterinsights_sitenote_note":"","_monsterinsights_sitenote_category":0,"jnews-multi-image_gallery":[],"jnews_single_post":[],"jnews_primary_category":[],"footnotes":""},"categories":[],"tags":[],"class_list":["post-55694","post","type-post","status-publish","format-standard","hentry"],"aioseo_notices":[],"_links":{"self":[{"href":"https:\/\/estado29.mx\/index.php?rest_route=\/wp\/v2\/posts\/55694","targetHints":{"allow":["GET"]}}],"collection":[{"href":"https:\/\/estado29.mx\/index.php?rest_route=\/wp\/v2\/posts"}],"about":[{"href":"https:\/\/estado29.mx\/index.php?rest_route=\/wp\/v2\/types\/post"}],"author":[{"embeddable":true,"href":"https:\/\/estado29.mx\/index.php?rest_route=\/wp\/v2\/users\/31"}],"replies":[{"embeddable":true,"href":"https:\/\/estado29.mx\/index.php?rest_route=%2Fwp%2Fv2%2Fcomments&post=55694"}],"version-history":[{"count":1,"href":"https:\/\/estado29.mx\/index.php?rest_route=\/wp\/v2\/posts\/55694\/revisions"}],"predecessor-version":[{"id":55697,"href":"https:\/\/estado29.mx\/index.php?rest_route=\/wp\/v2\/posts\/55694\/revisions\/55697"}],"wp:attachment":[{"href":"https:\/\/estado29.mx\/index.php?rest_route=%2Fwp%2Fv2%2Fmedia&parent=55694"}],"wp:term":[{"taxonomy":"category","embeddable":true,"href":"https:\/\/estado29.mx\/index.php?rest_route=%2Fwp%2Fv2%2Fcategories&post=55694"},{"taxonomy":"post_tag","embeddable":true,"href":"https:\/\/estado29.mx\/index.php?rest_route=%2Fwp%2Fv2%2Ftags&post=55694"}],"curies":[{"name":"wp","href":"https:\/\/api.w.org\/{rel}","templated":true}]}}