{"id":55717,"date":"2019-11-27T07:15:54","date_gmt":"2019-11-27T13:15:54","guid":{"rendered":"http:\/\/estado29.mx\/?p=55717"},"modified":"2019-11-27T07:16:24","modified_gmt":"2019-11-27T13:16:24","slug":"con-disminucion-en-el-numero-de-empresas-participantes-se-desarrolla-foro-de-proveeduria","status":"publish","type":"post","link":"https:\/\/estado29.mx\/?p=55717","title":{"rendered":"Con disminuci\u00f3n en el n\u00famero de empresas participantes se desarrolla Foro de Proveedur\u00eda"},"content":{"rendered":"\n<p>La segunda edici\u00f3n del Foro de Proveedur\u00eda Regional\nCorredor Industrial Zona Centro, registr\u00f3 una disminuci\u00f3n en el n\u00famero de\nempresas participantes, al pasar de 135 proveedores en la edici\u00f3n 2018 a apenas\n70 en este 2019, y de ellas solo 15 est\u00e1n asentadas en territorio tlaxcalteca. <\/p>\n\n\n\n<p>Ayer fue inaugurado el foro, por el gobernador Marco\nAntonio Mena Rodr\u00edguez, en el Centro de Convenciones de Tlaxcala, y se llevar\u00e1\na cabo los d\u00edas 26 y 27 de noviembre, en el que se reunir\u00e1n a varias empresas compradoras\nde estados como Chihuahua, Jalisco, Quer\u00e9taro, Nuevo Le\u00f3n, Estado de M\u00e9xico,\nHidalgo, Puebla, Veracruz, Coahuila, Ciudad de M\u00e9xico, Morelos, Baja California\ny Tamaulipas.<\/p>\n\n\n\n<p>En el evento, &nbsp;el\ntitular de la Secretar\u00eda de Desarrollo Econ\u00f3mico (Sedeco), Jorge Luis V\u00e1zquez\nRodr\u00edguez, refiri\u00f3 que el panorama complejo actual pudo haber sido el motivo de\nque no se hayan inscrito un mayor n\u00famero de empresas locales como se ten\u00eda\nprevisto.<\/p>\n\n\n\n<p>Detall\u00f3 que en esta segunda edici\u00f3n participan 70\nempresas proveedoras, las cuales provienen de estados como Quer\u00e9taro, San Luis\nPotos\u00ed, Chihuahua, Coahuila, Veracruz, Puebla y M\u00e9xico, y Tlaxcala.<\/p>\n\n\n\n<p>En esta ocasi\u00f3n se lograron concretar 80 requerimientos\nespec\u00edficos de compra, por lo que se espera que una vez concluidas las mesas de\nnegocio, se comprometan contratos por un monto global de 200 millones de\nd\u00f3lares para el a\u00f1o pr\u00f3ximo.<\/p>\n\n\n\n<p>Adem\u00e1s, se espera que para la pr\u00f3xima edici\u00f3n las condiciones\ny oportunidades mejoren para la entidad, ante la inminente entrada en vigor del\nT-Mec y la relaci\u00f3n comercial con el mercado Chino, que sin duda podr\u00eda ampliar\nlas posibilidades de crecimiento industrial en la entidad en la cadena de\nproveedur\u00eda.<\/p>\n\n\n\n<p>Afirm\u00f3 que este evento permite dar a conocer que existe\nun buen clima de negocios en la entidad, y que dadas las condiciones y el\npanorama existente en Tlaxcala es posible la inversi\u00f3n industrial, de\nservicios, de log\u00edstica y en otros sectores.<\/p>\n","protected":false},"excerpt":{"rendered":"<p>La segunda edici\u00f3n del Foro de Proveedur\u00eda Regional Corredor Industrial Zona Centro, registr\u00f3 una disminuci\u00f3n en el n\u00famero de empresas participantes, al pasar de 135 proveedores en la edici\u00f3n 2018 a apenas 70 en este 2019, y de ellas solo 15 est\u00e1n asentadas en territorio tlaxcalteca. Ayer fue inaugurado el foro, por el gobernador Marco [&hellip;]<\/p>\n","protected":false},"author":31,"featured_media":0,"comment_status":"closed","ping_status":"open","sticky":false,"template":"","format":"standard","meta":{"om_disable_all_campaigns":false,"_monsterinsights_skip_tracking":false,"_monsterinsights_sitenote_active":false,"_monsterinsights_sitenote_note":"","_monsterinsights_sitenote_category":0,"jnews-multi-image_gallery":[],"jnews_single_post":[],"jnews_primary_category":[],"footnotes":""},"categories":[],"tags":[],"class_list":["post-55717","post","type-post","status-publish","format-standard","hentry"],"aioseo_notices":[],"_links":{"self":[{"href":"https:\/\/estado29.mx\/index.php?rest_route=\/wp\/v2\/posts\/55717","targetHints":{"allow":["GET"]}}],"collection":[{"href":"https:\/\/estado29.mx\/index.php?rest_route=\/wp\/v2\/posts"}],"about":[{"href":"https:\/\/estado29.mx\/index.php?rest_route=\/wp\/v2\/types\/post"}],"author":[{"embeddable":true,"href":"https:\/\/estado29.mx\/index.php?rest_route=\/wp\/v2\/users\/31"}],"replies":[{"embeddable":true,"href":"https:\/\/estado29.mx\/index.php?rest_route=%2Fwp%2Fv2%2Fcomments&post=55717"}],"version-history":[{"count":1,"href":"https:\/\/estado29.mx\/index.php?rest_route=\/wp\/v2\/posts\/55717\/revisions"}],"predecessor-version":[{"id":55720,"href":"https:\/\/estado29.mx\/index.php?rest_route=\/wp\/v2\/posts\/55717\/revisions\/55720"}],"wp:attachment":[{"href":"https:\/\/estado29.mx\/index.php?rest_route=%2Fwp%2Fv2%2Fmedia&parent=55717"}],"wp:term":[{"taxonomy":"category","embeddable":true,"href":"https:\/\/estado29.mx\/index.php?rest_route=%2Fwp%2Fv2%2Fcategories&post=55717"},{"taxonomy":"post_tag","embeddable":true,"href":"https:\/\/estado29.mx\/index.php?rest_route=%2Fwp%2Fv2%2Ftags&post=55717"}],"curies":[{"name":"wp","href":"https:\/\/api.w.org\/{rel}","templated":true}]}}