{"id":77037,"date":"2021-10-04T07:31:04","date_gmt":"2021-10-04T12:31:04","guid":{"rendered":"https:\/\/estado29.mx\/?p=77037"},"modified":"2021-10-04T07:31:16","modified_gmt":"2021-10-04T12:31:16","slug":"inauguro-gobernadora-lorena-cuellar-exposicion-la-talavera-triana-y-centro-cultural-en-val-quirico","status":"publish","type":"post","link":"https:\/\/estado29.mx\/?p=77037","title":{"rendered":"Inaugur\u00f3 Gobernadora Lorena Cuellar exposici\u00f3n &#8220;la talavera triana&#8221; y centro cultural en Val\u00b4 quirico"},"content":{"rendered":"\n<p><em>*Ser\u00e1 un espacio para fomentar el arte y las manifestaciones culturales de la riqueza de Tlaxcala.<\/em><\/p>\n\n\n\n<p>La gobernadora del estado, Lorena Cu\u00e9llar Cisneros, inaugur\u00f3 el centro cultural en Val\u00b4quirico con la develaci\u00f3n de la placa y la exposici\u00f3n \u201cTalavera Triana\u201d, que se ubica al interior del complejo tur\u00edstico.<\/p>\n\n\n\n<p>Destac\u00f3 que el objetivo de este espacio es fomentar el arte y las diferentes manifestaciones culturales de Tlaxcala, as\u00ed como brindar a los artesanos locales un lugar para exponer sus creaciones.<\/p>\n\n\n\n<p>Adem\u00e1s, adelant\u00f3 que, para incentivar el turismo crear\u00e1n un museo en la entrada de Val\u00b4quirico, que exhiba los atractivos &#8220;para que los visitantes sepan qu\u00e9 hay en este bello estado&#8221;.<\/p>\n\n\n\n<p>Cu\u00e9llar Cisneros detall\u00f3 que el espacio cultural estar\u00e1 abierto para todos los artistas que cumplan con los est\u00e1ndares de calidad, a fin de que puedan acceder al lugar para difundir su arte.<\/p>\n\n\n\n<p>Subray\u00f3 que Tlaxcala es rico en cultura, artes, tradiciones, artesan\u00eda y paisajes naturales, que deben ser reconocidos.<\/p>\n\n\n\n<p>En su intervenci\u00f3n, la directora general de cultura de Val\u00b4quirico, Cecilia Arrend\u00f3n Ibarra, afirm\u00f3 que la entidad tiene mucho que mostrar a M\u00e9xico y al mundo, &#8220;creo que es responsabilidad de todos difundir las bellezas del estado\u201d.<\/p>\n","protected":false},"excerpt":{"rendered":"<p>*Ser\u00e1 un espacio para fomentar el arte y las manifestaciones culturales de la riqueza de Tlaxcala. La gobernadora del estado, Lorena Cu\u00e9llar Cisneros, inaugur\u00f3 el centro cultural en Val\u00b4quirico con la develaci\u00f3n de la placa y la exposici\u00f3n \u201cTalavera Triana\u201d, que se ubica al interior del complejo tur\u00edstico. Destac\u00f3 que el objetivo de este espacio [&hellip;]<\/p>\n","protected":false},"author":12,"featured_media":0,"comment_status":"closed","ping_status":"open","sticky":false,"template":"","format":"standard","meta":{"om_disable_all_campaigns":false,"_monsterinsights_skip_tracking":false,"_monsterinsights_sitenote_active":false,"_monsterinsights_sitenote_note":"","_monsterinsights_sitenote_category":0,"jnews-multi-image_gallery":[],"jnews_single_post":[],"jnews_primary_category":[],"footnotes":""},"categories":[],"tags":[],"class_list":["post-77037","post","type-post","status-publish","format-standard","hentry"],"aioseo_notices":[],"_links":{"self":[{"href":"https:\/\/estado29.mx\/index.php?rest_route=\/wp\/v2\/posts\/77037","targetHints":{"allow":["GET"]}}],"collection":[{"href":"https:\/\/estado29.mx\/index.php?rest_route=\/wp\/v2\/posts"}],"about":[{"href":"https:\/\/estado29.mx\/index.php?rest_route=\/wp\/v2\/types\/post"}],"author":[{"embeddable":true,"href":"https:\/\/estado29.mx\/index.php?rest_route=\/wp\/v2\/users\/12"}],"replies":[{"embeddable":true,"href":"https:\/\/estado29.mx\/index.php?rest_route=%2Fwp%2Fv2%2Fcomments&post=77037"}],"version-history":[{"count":1,"href":"https:\/\/estado29.mx\/index.php?rest_route=\/wp\/v2\/posts\/77037\/revisions"}],"predecessor-version":[{"id":77040,"href":"https:\/\/estado29.mx\/index.php?rest_route=\/wp\/v2\/posts\/77037\/revisions\/77040"}],"wp:attachment":[{"href":"https:\/\/estado29.mx\/index.php?rest_route=%2Fwp%2Fv2%2Fmedia&parent=77037"}],"wp:term":[{"taxonomy":"category","embeddable":true,"href":"https:\/\/estado29.mx\/index.php?rest_route=%2Fwp%2Fv2%2Fcategories&post=77037"},{"taxonomy":"post_tag","embeddable":true,"href":"https:\/\/estado29.mx\/index.php?rest_route=%2Fwp%2Fv2%2Ftags&post=77037"}],"curies":[{"name":"wp","href":"https:\/\/api.w.org\/{rel}","templated":true}]}}