{"id":77049,"date":"2021-10-05T07:21:08","date_gmt":"2021-10-05T12:21:08","guid":{"rendered":"https:\/\/estado29.mx\/?p=77049"},"modified":"2021-10-05T07:21:22","modified_gmt":"2021-10-05T12:21:22","slug":"cierran-filas-en-el-sur-del-estado-en-torno-a-meza-de-lideres","status":"publish","type":"post","link":"https:\/\/estado29.mx\/?p=77049","title":{"rendered":"Cierran filas en el sur del Estado en torno a Meza de L\u00edderes"},"content":{"rendered":"\n<p>Con el objetivo de fomentar el trabajo conjunto en todas las comunidades del Estado este fin de semana se reunieron liderazgos del grupo denominado \u201cMeza de L\u00edderes\u201d en el municipio de Zacatelco donde refrendaron la defensa a la 4T.<\/p>\n\n\n\n<p>Al respecto, el dirigente estatal de dicha organizaci\u00f3n, Osbaldo Meza Espinoza dijo que estar\u00e1n trabajando bajo los lineamientos y principios del Partido Movimiento de Regeneraci\u00f3n Nacional (MORENA), y coment\u00f3 que cada d\u00eda se suman m\u00e1s ciudadanos a este grupo de car\u00e1cter estatal.<\/p>\n\n\n\n<p>\u201cEstamos trabajando muy fuerte, ya tenemos presencia en los 60 municipios del Estado, somos un grupo plural, af\u00edn a MORENA y estamos trabajando hombro con hombro con mujeres y hombres muy valiosos que desean un mejor estado, y estaremos apoyando a nuestros representantes y buscando el beneficio colectivo\u201d, puntualiz\u00f3.<\/p>\n\n\n\n<p>Al dar la bienvenida al evento, el coordinador en el municipio de Zacatelco, Juan Maldonado L\u00f3pez, dijo que ya est\u00e1n trabajando en las 14 secciones electorales que posee el llamado \u201ccoraz\u00f3n del sur\u201d y a su vez anunci\u00f3 la conformaci\u00f3n de una casa de gesti\u00f3n y apoyo para todos los zacatelquenses.<\/p>\n\n\n\n<p>En su oportunidad, Jos\u00e9 Luis Guzm\u00e1n Zecua, ex candidato a la alcald\u00eda de Zacatelco agradeci\u00f3 la invitaci\u00f3n realizada por parte de Meza de L\u00edderes y dijo que buscar\u00e1 la conformaci\u00f3n de comit\u00e9s seccionales en el Distrito Local 13 y apoyar\u00e1 en la gesti\u00f3n de tr\u00e1mites y servicios a la poblaci\u00f3n.<\/p>\n\n\n\n<p>En tanto, Valeria Lorety Barrientos Vel\u00e1zquez, ex abanderada a la presidencia municipal de Zacatelco hizo su presentaci\u00f3n como titular estatal del \u00e1rea de Diversidad Sexual de dicho grupo pol\u00edtico, e invit\u00f3 a la comunidad LGBT a sumarse a dichos trabajos, pues estar\u00e1n realizando trabajos con fundaciones y organizaciones afines.<\/p>\n\n\n\n<p>Por su parte, Adriana Badillo D\u00edaz, coordinadora estatal de Mujeres, dijo que su principal misi\u00f3n ser\u00e1 buscar el empoderamiento femenino, y que puedan tener voz y voto en las decisiones de sus comunidades.<\/p>\n\n\n\n<p>A dicho evento tambi\u00e9n asistieron ciudadanos de los municipios de Xicohtzinco, Tepeyanco, Axocomanitla, Ayometla, Espa\u00f1ita, Xaltocan, Apizaco, Tlaxcala, Chiautempan, Tenancingo, Tetlatlahuca, Terrenate, Tetla, Huactzinco, Huamantla, San Pablo del Monte y Totolac.<\/p>\n","protected":false},"excerpt":{"rendered":"<p>Con el objetivo de fomentar el trabajo conjunto en todas las comunidades del Estado este fin de semana se reunieron liderazgos del grupo denominado \u201cMeza de L\u00edderes\u201d en el municipio de Zacatelco donde refrendaron la defensa a la 4T. Al respecto, el dirigente estatal de dicha organizaci\u00f3n, Osbaldo Meza Espinoza dijo que estar\u00e1n trabajando bajo [&hellip;]<\/p>\n","protected":false},"author":12,"featured_media":0,"comment_status":"closed","ping_status":"open","sticky":false,"template":"","format":"standard","meta":{"om_disable_all_campaigns":false,"_monsterinsights_skip_tracking":false,"_monsterinsights_sitenote_active":false,"_monsterinsights_sitenote_note":"","_monsterinsights_sitenote_category":0,"jnews-multi-image_gallery":[],"jnews_single_post":[],"jnews_primary_category":[],"footnotes":""},"categories":[],"tags":[],"class_list":["post-77049","post","type-post","status-publish","format-standard","hentry"],"aioseo_notices":[],"_links":{"self":[{"href":"https:\/\/estado29.mx\/index.php?rest_route=\/wp\/v2\/posts\/77049","targetHints":{"allow":["GET"]}}],"collection":[{"href":"https:\/\/estado29.mx\/index.php?rest_route=\/wp\/v2\/posts"}],"about":[{"href":"https:\/\/estado29.mx\/index.php?rest_route=\/wp\/v2\/types\/post"}],"author":[{"embeddable":true,"href":"https:\/\/estado29.mx\/index.php?rest_route=\/wp\/v2\/users\/12"}],"replies":[{"embeddable":true,"href":"https:\/\/estado29.mx\/index.php?rest_route=%2Fwp%2Fv2%2Fcomments&post=77049"}],"version-history":[{"count":1,"href":"https:\/\/estado29.mx\/index.php?rest_route=\/wp\/v2\/posts\/77049\/revisions"}],"predecessor-version":[{"id":77052,"href":"https:\/\/estado29.mx\/index.php?rest_route=\/wp\/v2\/posts\/77049\/revisions\/77052"}],"wp:attachment":[{"href":"https:\/\/estado29.mx\/index.php?rest_route=%2Fwp%2Fv2%2Fmedia&parent=77049"}],"wp:term":[{"taxonomy":"category","embeddable":true,"href":"https:\/\/estado29.mx\/index.php?rest_route=%2Fwp%2Fv2%2Fcategories&post=77049"},{"taxonomy":"post_tag","embeddable":true,"href":"https:\/\/estado29.mx\/index.php?rest_route=%2Fwp%2Fv2%2Ftags&post=77049"}],"curies":[{"name":"wp","href":"https:\/\/api.w.org\/{rel}","templated":true}]}}