{"id":77168,"date":"2021-10-07T07:43:36","date_gmt":"2021-10-07T12:43:36","guid":{"rendered":"https:\/\/estado29.mx\/?p=77168"},"modified":"2021-10-07T07:43:50","modified_gmt":"2021-10-07T12:43:50","slug":"se-reunen-partidos-politicos-con-diputados-para-integrar-reforma-electoral","status":"publish","type":"post","link":"https:\/\/estado29.mx\/?p=77168","title":{"rendered":"Se re\u00fanen partidos pol\u00edticos con diputados para integrar reforma electoral"},"content":{"rendered":"\n<p>La Comisi\u00f3n de Asuntos Electorales en el Congreso del Estado, presidida por el diputado Juan Manuel Cambr\u00f3n Soria, se reuni\u00f3 este mi\u00e9rcoles con los presidentes y representantes de la mayor\u00eda de los partidos pol\u00edticos estatales, a fin de invitarlos a la conformaci\u00f3n de una reforma electoral, que desde el a\u00f1o 2003, no se hab\u00eda presentado en la entidad.<\/p>\n\n\n\n<p>La intenci\u00f3n, reiter\u00f3 Cambr\u00f3n Soria, es solicitar el apoyo de los actores pol\u00edticos en el estado y confirm\u00f3 que, en el marco de un parlamento abierto, se abrir\u00e1n los espacios necesarios para que los partidos pol\u00edticos puedan presentar sus propuestas, agendas y posiciones que as\u00ed consideren necesarias, a efecto de darle forma a un proyecto fuerte, de vanguardia, claro, transparente y con base a las realidades pol\u00edtico electorales de Tlaxcala.<\/p>\n\n\n\n<p>Por su parte, los dirigentes y representantes de los institutos pol\u00edticos con registro en el Estado de Tlaxcala, coincidieron en \u00e9l reconocimiento y felicitaci\u00f3n a las y los legisladores que integran la Comisi\u00f3n de Asuntos Electorales, para contribuir a un mejor sistema pol\u00edtico electoral en la entidad, que cumpla con las altas expectativas de los y las tlaxcaltecas.<\/p>\n\n\n\n<p>Cambr\u00f3n Soria destac\u00f3 que la siguiente reuni\u00f3n se buscar\u00e1 con instituciones educativas, institutos e instancias acad\u00e9micas para tambi\u00e9n invitarles a los trabajos correspondientes.<\/p>\n\n\n\n<p>En la reuni\u00f3n participaron las y los miembros de la Comisi\u00f3n de Asuntos Electorales Blanca \u00c1guila Lima,&nbsp;Bladimir Zainos Flores y&nbsp;Maribel Le\u00f3n Cruz.<\/p>\n","protected":false},"excerpt":{"rendered":"<p>La Comisi\u00f3n de Asuntos Electorales en el Congreso del Estado, presidida por el diputado Juan Manuel Cambr\u00f3n Soria, se reuni\u00f3 este mi\u00e9rcoles con los presidentes y representantes de la mayor\u00eda de los partidos pol\u00edticos estatales, a fin de invitarlos a la conformaci\u00f3n de una reforma electoral, que desde el a\u00f1o 2003, no se hab\u00eda presentado [&hellip;]<\/p>\n","protected":false},"author":12,"featured_media":0,"comment_status":"closed","ping_status":"open","sticky":false,"template":"","format":"standard","meta":{"om_disable_all_campaigns":false,"_monsterinsights_skip_tracking":false,"_monsterinsights_sitenote_active":false,"_monsterinsights_sitenote_note":"","_monsterinsights_sitenote_category":0,"jnews-multi-image_gallery":[],"jnews_single_post":[],"jnews_primary_category":[],"footnotes":""},"categories":[],"tags":[],"class_list":["post-77168","post","type-post","status-publish","format-standard","hentry"],"aioseo_notices":[],"_links":{"self":[{"href":"https:\/\/estado29.mx\/index.php?rest_route=\/wp\/v2\/posts\/77168","targetHints":{"allow":["GET"]}}],"collection":[{"href":"https:\/\/estado29.mx\/index.php?rest_route=\/wp\/v2\/posts"}],"about":[{"href":"https:\/\/estado29.mx\/index.php?rest_route=\/wp\/v2\/types\/post"}],"author":[{"embeddable":true,"href":"https:\/\/estado29.mx\/index.php?rest_route=\/wp\/v2\/users\/12"}],"replies":[{"embeddable":true,"href":"https:\/\/estado29.mx\/index.php?rest_route=%2Fwp%2Fv2%2Fcomments&post=77168"}],"version-history":[{"count":1,"href":"https:\/\/estado29.mx\/index.php?rest_route=\/wp\/v2\/posts\/77168\/revisions"}],"predecessor-version":[{"id":77171,"href":"https:\/\/estado29.mx\/index.php?rest_route=\/wp\/v2\/posts\/77168\/revisions\/77171"}],"wp:attachment":[{"href":"https:\/\/estado29.mx\/index.php?rest_route=%2Fwp%2Fv2%2Fmedia&parent=77168"}],"wp:term":[{"taxonomy":"category","embeddable":true,"href":"https:\/\/estado29.mx\/index.php?rest_route=%2Fwp%2Fv2%2Fcategories&post=77168"},{"taxonomy":"post_tag","embeddable":true,"href":"https:\/\/estado29.mx\/index.php?rest_route=%2Fwp%2Fv2%2Ftags&post=77168"}],"curies":[{"name":"wp","href":"https:\/\/api.w.org\/{rel}","templated":true}]}}