{"id":77204,"date":"2021-10-08T07:38:24","date_gmt":"2021-10-08T12:38:24","guid":{"rendered":"https:\/\/estado29.mx\/?p=77204"},"modified":"2021-10-08T07:38:36","modified_gmt":"2021-10-08T12:38:36","slug":"alista-comite-directivo-estatal-proceso-para-elecciones-extraordinarias-de-presidentes-de-comunidad","status":"publish","type":"post","link":"https:\/\/estado29.mx\/?p=77204","title":{"rendered":"Alista Comit\u00e9 Directivo Estatal proceso para elecciones extraordinarias de presidentes de comunidad"},"content":{"rendered":"\n<p>En reuni\u00f3n con los dirigentes de sectores y organizaciones que integran el Partido Revolucionario de Tlaxcala, No\u00e9 Rodr\u00edguez Rold\u00e1n, presidente del tricolor en el estado, dio a conocer que se llevan a cabo trabajos y mesas t\u00e9cnicas para sacar adelante los proyectos de las y los candidatos a presidentes de comunidad en su etapa extraordinaria, en donde el PRI llevar\u00e1 candidatos en cuatro de las cinco comunidades en donde se repetir\u00e1 el ejercicio electoral del pasado junio de 2021.<\/p>\n\n\n\n<p>As\u00ed mismo, Rodr\u00edguez Rold\u00e1n dio a conocer que para la designaci\u00f3n de candidatos se respetar\u00e1n los lineamientos del ITE con respecta a la divisi\u00f3n en materia de equidad de&nbsp;&nbsp;g\u00e9nero en el mapa electoral del estado; por lo que en las comunidades de Agr\u00edcola San Luis del municipio de Atlangatepec; Santa Cruz Guadalupe, Chiautempan; y Tepuente de Nanacamilpa ser\u00e1n representados por mujeres que abanderar\u00e1n la candidatura; llevando un var\u00f3n como representante en la comunidad de La Candelaria Teotlalpan, Totolac.<\/p>\n\n\n\n<p>Rodr\u00edguez Rold\u00e1n se\u00f1al\u00f3 que el PRI emprender\u00e1 acciones estrat\u00e9gicas para obtener el triunfo en las pr\u00f3ximas elecciones extraordinarias.<\/p>\n\n\n\n<p>Finalmente a\u00f1adi\u00f3 que el tricolor se encuentra tambi\u00e9n en la antesala de la preparaci\u00f3n y difusi\u00f3n de la XXIII Asamblea Nacional del PRI.<\/p>\n","protected":false},"excerpt":{"rendered":"<p>En reuni\u00f3n con los dirigentes de sectores y organizaciones que integran el Partido Revolucionario de Tlaxcala, No\u00e9 Rodr\u00edguez Rold\u00e1n, presidente del tricolor en el estado, dio a conocer que se llevan a cabo trabajos y mesas t\u00e9cnicas para sacar adelante los proyectos de las y los candidatos a presidentes de comunidad en su etapa extraordinaria, [&hellip;]<\/p>\n","protected":false},"author":12,"featured_media":0,"comment_status":"closed","ping_status":"open","sticky":false,"template":"","format":"standard","meta":{"om_disable_all_campaigns":false,"_monsterinsights_skip_tracking":false,"_monsterinsights_sitenote_active":false,"_monsterinsights_sitenote_note":"","_monsterinsights_sitenote_category":0,"jnews-multi-image_gallery":[],"jnews_single_post":[],"jnews_primary_category":[],"footnotes":""},"categories":[],"tags":[],"class_list":["post-77204","post","type-post","status-publish","format-standard","hentry"],"aioseo_notices":[],"_links":{"self":[{"href":"https:\/\/estado29.mx\/index.php?rest_route=\/wp\/v2\/posts\/77204","targetHints":{"allow":["GET"]}}],"collection":[{"href":"https:\/\/estado29.mx\/index.php?rest_route=\/wp\/v2\/posts"}],"about":[{"href":"https:\/\/estado29.mx\/index.php?rest_route=\/wp\/v2\/types\/post"}],"author":[{"embeddable":true,"href":"https:\/\/estado29.mx\/index.php?rest_route=\/wp\/v2\/users\/12"}],"replies":[{"embeddable":true,"href":"https:\/\/estado29.mx\/index.php?rest_route=%2Fwp%2Fv2%2Fcomments&post=77204"}],"version-history":[{"count":1,"href":"https:\/\/estado29.mx\/index.php?rest_route=\/wp\/v2\/posts\/77204\/revisions"}],"predecessor-version":[{"id":77207,"href":"https:\/\/estado29.mx\/index.php?rest_route=\/wp\/v2\/posts\/77204\/revisions\/77207"}],"wp:attachment":[{"href":"https:\/\/estado29.mx\/index.php?rest_route=%2Fwp%2Fv2%2Fmedia&parent=77204"}],"wp:term":[{"taxonomy":"category","embeddable":true,"href":"https:\/\/estado29.mx\/index.php?rest_route=%2Fwp%2Fv2%2Fcategories&post=77204"},{"taxonomy":"post_tag","embeddable":true,"href":"https:\/\/estado29.mx\/index.php?rest_route=%2Fwp%2Fv2%2Ftags&post=77204"}],"curies":[{"name":"wp","href":"https:\/\/api.w.org\/{rel}","templated":true}]}}