{"id":77212,"date":"2021-10-08T07:50:03","date_gmt":"2021-10-08T12:50:03","guid":{"rendered":"https:\/\/estado29.mx\/?p=77212"},"modified":"2021-10-08T07:50:19","modified_gmt":"2021-10-08T12:50:19","slug":"regreso-a-clases-presenciales-un-30-por-ciento-de-universitarios-de-la-autonoma-de-tlaxcala","status":"publish","type":"post","link":"https:\/\/estado29.mx\/?p=77212","title":{"rendered":"Regres\u00f3 a clases presenciales un 30 por ciento de universitarios de la Aut\u00f3noma de Tlaxcala"},"content":{"rendered":"\n<p>Mar\u00eda Altamirano.- Luis Armando Gonz\u00e1lez Placencia, rector de la Universidad Aut\u00f3noma de Tlaxcala (UATx), dio a conocer que en esta instituci\u00f3n, al momento, un 30 por ciento de universitarios ha regresado a las aulas para recibir clases presenciales y que, para diciembre, podr\u00eda regresar el 90 o 100 por ciento.<\/p>\n\n\n\n<p>Esto ante el llamado que hizo ayer el presidente de la Rep\u00fablica, Andr\u00e9s Manuel L\u00f3pez Obrador, en su conferencia \u201cma\u00f1anera\u201d, llam\u00f3 a las instituciones de educaci\u00f3n superior y a sus sindicatos a volver a clases presenciales, porque, asegur\u00f3 que no ha habido problemas en el nivel b\u00e1sico y medio superior, por la pandemia, desde que regresaron a las aulas el pasado 30 de agosto.<\/p>\n\n\n\n<p>Ante esto, el rector de la m\u00e1xima casa de estudios del estado, mencion\u00f3 que en el caso de esta instituci\u00f3n, \u201chemos tenido presencia en la universidad y en el semestre de primavera empezamos a regresar todos los trabajadores administrativos\u201d.<\/p>\n\n\n\n<p>Detall\u00f3 que en la universidad no han regresado al 100 por ciento y de acuerdo a su protocolo estar\u00e1n volviendo a las aulas progresivamente, desde el presente mes y hasta diciembre, \u201cpero en octubre ya tendremos a varios posgrados y a varias facultades en clases presenciales\u201d.<\/p>\n\n\n\n<p>El rector de la universidad mencion\u00f3 que en el ejercicio de su autonom\u00eda, la UATx aplic\u00f3 un protocolo y directrices pensadas para que la universidad avance en la manera en que se comporta el virus afuera de las aulas y de cuerdo con el sem\u00e1foro epidemiol\u00f3gico, \u201cpero en estos momentos poco a poco las condiciones van mejorando, y seguramente al finalizar este semestre ya tendremos una presencia sino del 100 por ciento, s\u00ed muy cercana\u201d.<\/p>\n\n\n\n<p>Reiter\u00f3 que, este momento, aproximadamente un 30 por ciento est\u00e1 en clases virtuales, \u201cy si todo va bien, en octubre o noviembre podr\u00edamos tener el 50 por ciento, y diciembre probablemente alcanzar\u00edamos un 90 por ciento, para ir respetando la sana distancia entre estudiantes\u201d, mencionar que la universidad tiene matriculados a m\u00e1s de 16 mil estudiantes.<\/p>\n\n\n\n<p>Entre las facultades que ya han regresado son Derecho, el Cijurep, Ciencias econ\u00f3mico administrativas que son varias carreras, las ingenier\u00edas, Ciencias de la salud, Ciencias de la educaci\u00f3n y Filosof\u00eda y letras.<\/p>\n","protected":false},"excerpt":{"rendered":"<p>Mar\u00eda Altamirano.- Luis Armando Gonz\u00e1lez Placencia, rector de la Universidad Aut\u00f3noma de Tlaxcala (UATx), dio a conocer que en esta instituci\u00f3n, al momento, un 30 por ciento de universitarios ha regresado a las aulas para recibir clases presenciales y que, para diciembre, podr\u00eda regresar el 90 o 100 por ciento. Esto ante el llamado que [&hellip;]<\/p>\n","protected":false},"author":12,"featured_media":0,"comment_status":"closed","ping_status":"open","sticky":false,"template":"","format":"standard","meta":{"om_disable_all_campaigns":false,"_monsterinsights_skip_tracking":false,"_monsterinsights_sitenote_active":false,"_monsterinsights_sitenote_note":"","_monsterinsights_sitenote_category":0,"jnews-multi-image_gallery":[],"jnews_single_post":[],"jnews_primary_category":[],"footnotes":""},"categories":[],"tags":[],"class_list":["post-77212","post","type-post","status-publish","format-standard","hentry"],"aioseo_notices":[],"_links":{"self":[{"href":"https:\/\/estado29.mx\/index.php?rest_route=\/wp\/v2\/posts\/77212","targetHints":{"allow":["GET"]}}],"collection":[{"href":"https:\/\/estado29.mx\/index.php?rest_route=\/wp\/v2\/posts"}],"about":[{"href":"https:\/\/estado29.mx\/index.php?rest_route=\/wp\/v2\/types\/post"}],"author":[{"embeddable":true,"href":"https:\/\/estado29.mx\/index.php?rest_route=\/wp\/v2\/users\/12"}],"replies":[{"embeddable":true,"href":"https:\/\/estado29.mx\/index.php?rest_route=%2Fwp%2Fv2%2Fcomments&post=77212"}],"version-history":[{"count":1,"href":"https:\/\/estado29.mx\/index.php?rest_route=\/wp\/v2\/posts\/77212\/revisions"}],"predecessor-version":[{"id":77215,"href":"https:\/\/estado29.mx\/index.php?rest_route=\/wp\/v2\/posts\/77212\/revisions\/77215"}],"wp:attachment":[{"href":"https:\/\/estado29.mx\/index.php?rest_route=%2Fwp%2Fv2%2Fmedia&parent=77212"}],"wp:term":[{"taxonomy":"category","embeddable":true,"href":"https:\/\/estado29.mx\/index.php?rest_route=%2Fwp%2Fv2%2Fcategories&post=77212"},{"taxonomy":"post_tag","embeddable":true,"href":"https:\/\/estado29.mx\/index.php?rest_route=%2Fwp%2Fv2%2Ftags&post=77212"}],"curies":[{"name":"wp","href":"https:\/\/api.w.org\/{rel}","templated":true}]}}